{"id":308276,"date":"2022-03-21T13:24:11","date_gmt":"2022-03-21T12:24:11","guid":{"rendered":"https:\/\/www.radioluna.it\/news\/?p=308276"},"modified":"2022-03-21T13:24:11","modified_gmt":"2022-03-21T12:24:11","slug":"concorso-ordinario-scuola-sorpresa-amara-per-gli-aspiranti-docenti-alle-prese-con-i-primi-scritti","status":"publish","type":"post","link":"https:\/\/www.radioluna.it\/news\/2022\/03\/concorso-ordinario-scuola-sorpresa-amara-per-gli-aspiranti-docenti-alle-prese-con-i-primi-scritti\/","title":{"rendered":"Concorso ordinario scuola, sorpresa amara per gli aspiranti docenti alle prese con i primi scritti"},"content":{"rendered":"<div id=\"fb-root\"><\/div>\n<p style=\"text-align: justify;\"><strong>LATINA &#8211;<\/strong>\u00a0\u00abLe prove scritte del concorso ordinario per la scuola secondaria, in cui si stanno cimentando gli aspiranti docenti dal 14 marzo, si discostano decisamente da quanto stabilito nel bando originale del 2020. Secondo il decreto ministeriale n. 326 del 9 novembre 2021 sarebbe dovuta cambiare solo la tipologia della prova scritta, con 40 quesiti a risposta multipla in luogo delle domande a risposta aperta previste nel 2020. I contenuti sarebbero dovuti rimanere gli stessi contemplati nel bando iniziale, a partire dal quale gli aspiranti si sono preparati. Dispiace constatare che non \u00e8 cos\u00ec\u00bb. La denuncia arriva dalla Gilda Insegnanti di Latina, per voce della coordinatrice provinciale Patrizia Giovannini.<\/p>\n<p style=\"text-align: justify;\">Il sindacato sta raccogliendo in questi giorni le segnalazioni e il malumore di molti insegnanti che hanno gi\u00e0 sostenuto la prova e si rivolgono alla Gilda con rammarico e rabbia per un concorso atteso da due anni, ma che sta in larga parte deludendo le aspettative. \u00abNon si comprende come mai &#8211; sottolinea la segretaria Giovannini &#8211; molti quesiti siano incentrati su temi specifici come il CEFR (Common European Framework of Reference for Languages) o il PNRR\u00bb.<\/p>\n<p style=\"text-align: justify;\">Secondo la rappresentante della Gilda al momento regna una grande confusione sui concorsi per il reclutamento del personale docente della scuola, sia nell\u2019ordinario in corso per cui non \u00e8 stato ancora pubblicato il calendario delle prove per molte classi di concorso, sia per quelli a venire. \u00abGi\u00e0 si parla di un nuovo concorso straordinario da indire entro giugno &#8211; spiega Giovannini &#8211; con 14mila posti annunciati come residui dal concorso straordinario del 2020. Ma non \u00e8 dato sapere da dove discendano questi posti, n\u00e9 dove siano queste disponibilit\u00e0. Nell\u2019ultimo incontro al Ministero si \u00e8 richiesto un chiarimento in merito e la possibilit\u00e0 di conoscere i reali posti disponibili rispetto al concorso straordinario da indire e all\u2019ordinario in atto\u00bb.<\/p>\n<p style=\"text-align: justify;\">\u00abCon questa modalit\u00e0 procedurale, fatta di continue modifiche ai bandi e di interventi a colpi di legge invece che di un confronto serio con le parti sociali &#8211; continua la sindacalista &#8211; \u00e8 impensabile un reclutamento del personale docente basato sul merito e le competenze. Non \u00e8 attraverso un quizzone a risposta multipla che si misurano e accertano le conoscenze e le competenze didattiche\u00bb.<\/p>\n<p style=\"text-align: justify;\">La Gilda torna a chiedere pi\u00f9 trasparenza, coerenza, dialogo e uno snellimento delle procedure: \u00abRilanciamo la proposta sul reclutamento avanzata nei mesi scorsi per cui, dopo una fase transitoria, si arrivi all\u2019abolizione dei concorsi per attuare un nuovo sistema di preparazione universitaria abilitante all\u2019insegnamento. Sarebbe l\u2019unico modo per evitare le criticit\u00e0 e le lungaggini insite nelle attuali procedure\u00bb.<\/p>\n<div class=\"radio-posizionamento-telefono-in-articoli-dopo-il-contenuto-articolo radio-entity-placement\" id=\"radio-1103497346\"><div id=\"radio-2463284025\"><a href=\"https:\/\/grupporedi.it\/\" aria-label=\"Redi-Qr\"><img loading=\"lazy\" decoding=\"async\" src=\"https:\/\/www.radioluna.it\/news\/wp-content\/uploads\/2026\/03\/Redi-Qr.jpg\" alt=\"\"  srcset=\"https:\/\/www.radioluna.it\/news\/wp-content\/uploads\/2026\/03\/Redi-Qr.jpg 800w, https:\/\/www.radioluna.it\/news\/wp-content\/uploads\/2026\/03\/Redi-Qr-768x639.jpg 768w\" sizes=\"(max-width: 800px) 100vw, 800px\" width=\"300\" height=\"250\"   \/><\/a><\/div><\/div>","protected":false},"excerpt":{"rendered":"<p>LATINA &#8211;\u00a0\u00abLe prove scritte del concorso ordinario per la scuola secondaria, in cui si stanno cimentando gli aspiranti docenti dal 14 marzo, si discostano decisamente da quanto stabilito nel bando originale del 2020. Secondo il decreto ministeriale n. 326 del 9 novembre 2021 sarebbe dovuta cambiare solo la tipologia della prova scritta, con 40 quesiti [&hellip;]<\/p>\n","protected":false},"author":60,"featured_media":308277,"comment_status":"open","ping_status":"open","sticky":false,"template":"","format":"standard","meta":{"footnotes":""},"categories":[248],"tags":[],"class_list":["post-308276","post","type-post","status-publish","format-standard","has-post-thumbnail","hentry","category-istruzione"],"_links":{"self":[{"href":"https:\/\/www.radioluna.it\/news\/wp-json\/wp\/v2\/posts\/308276","targetHints":{"allow":["GET"]}}],"collection":[{"href":"https:\/\/www.radioluna.it\/news\/wp-json\/wp\/v2\/posts"}],"about":[{"href":"https:\/\/www.radioluna.it\/news\/wp-json\/wp\/v2\/types\/post"}],"author":[{"embeddable":true,"href":"https:\/\/www.radioluna.it\/news\/wp-json\/wp\/v2\/users\/60"}],"replies":[{"embeddable":true,"href":"https:\/\/www.radioluna.it\/news\/wp-json\/wp\/v2\/comments?post=308276"}],"version-history":[{"count":0,"href":"https:\/\/www.radioluna.it\/news\/wp-json\/wp\/v2\/posts\/308276\/revisions"}],"wp:featuredmedia":[{"embeddable":true,"href":"https:\/\/www.radioluna.it\/news\/wp-json\/wp\/v2\/media\/308277"}],"wp:attachment":[{"href":"https:\/\/www.radioluna.it\/news\/wp-json\/wp\/v2\/media?parent=308276"}],"wp:term":[{"taxonomy":"category","embeddable":true,"href":"https:\/\/www.radioluna.it\/news\/wp-json\/wp\/v2\/categories?post=308276"},{"taxonomy":"post_tag","embeddable":true,"href":"https:\/\/www.radioluna.it\/news\/wp-json\/wp\/v2\/tags?post=308276"}],"curies":[{"name":"wp","href":"https:\/\/api.w.org\/{rel}","templated":true}]}}