{"id":308318,"date":"2022-03-23T10:59:37","date_gmt":"2022-03-23T09:59:37","guid":{"rendered":"https:\/\/www.radioluna.it\/news\/?p=308318"},"modified":"2022-03-25T09:26:05","modified_gmt":"2022-03-25T08:26:05","slug":"cambiare-lo-sguardo-il-mondo-di-ciechi-e-ipovedenti-in-un-libro-pubblicato-a-latina","status":"publish","type":"post","link":"https:\/\/www.radioluna.it\/news\/2022\/03\/cambiare-lo-sguardo-il-mondo-di-ciechi-e-ipovedenti-in-un-libro-pubblicato-a-latina\/","title":{"rendered":"Cambiare lo sguardo, il mondo di ciechi e ipovedenti in un libro pubblicato a Latina"},"content":{"rendered":"<div id=\"fb-root\"><\/div>\n<p style=\"text-align: justify;\"><strong>LATINA<\/strong> &#8211; Sar\u00e0 presentato venerd\u00ec 25 marzo, nell&#8217;aula magna del Vittorio Veneto-Salvemini di Latina, il libro <em><strong>Cambiare lo sguardo. Noi visti da voi<\/strong><\/em> (<strong>Atlantide Editore<\/strong>), scritto a otto mani da <strong>Danila Faiola, Cristina Rossetti, Patrizia Scarsellettti e Paola Stabellini<\/strong>, dove vengono riportati i risultati di una ricerca inedita, condotta attraverso un questionario, che rivela quali atteggiamenti, pregiudizi e stereotipi sono comuni fra i cittadini di Latina verso i ciechi e gli ipovedenti. Una collaborazione tra l&#8217;<strong>Unione Italiana Ciechi e Ipovedenti sezione di Latina e l&#8217;Isus, l&#8217;Istituto Scienze Umane e Sociali di Latina<\/strong>.<\/p>\n<p style=\"text-align: justify;\">&#8220;Questo libro\u00a0 &#8211; spiega la psicoterapeuta Danila Faiola\u00a0 &#8211; pu\u00f2 essere molto utile per farsi un&#8217;idea del mondo della disabilit\u00e0 visiva, dei problemi connessi spesso poco conosciuti, di che cosa necessita per realizzare l&#8217;autonomia e l&#8217;inclusione delle persone disabili visive. Cambiare lo sguardo significa imparare a guardare alla persona, non alla sua condizione. Nel mio percorso di vita di persona cieca le difficolt\u00e0 non sono mancate e non mancano, ma non mi sono mai fermata. Ed \u00e8 su questo che spingiamo, sull&#8217;autodeterminazione per raggiungere l&#8217;autonomia. Tutto questo\u00a0 &#8211; conclude &#8211; rappresenta un invito ai vedenti ad avvicinarsi senza remore a questa realt\u00e0, perch\u00e9 sono molteplici le ricchezze da scambiare, in termini di conoscenza e di affettivit\u00e0&#8221;.<\/p>\n<p style=\"text-align: justify;\">Ne abbiamo parlato con l&#8217;autrice su <strong>Radio Immagine<\/strong><\/p>\n<audio class=\"wp-audio-shortcode\" id=\"audio-308318-1\" preload=\"none\" style=\"width: 100%;\" controls=\"controls\"><source type=\"audio\/mpeg\" src=\"https:\/\/www.radioluna.it\/news\/wp-content\/uploads\/2022\/03\/podcast-faiola.mp3?_=1\" \/><a href=\"https:\/\/www.radioluna.it\/news\/wp-content\/uploads\/2022\/03\/podcast-faiola.mp3\">https:\/\/www.radioluna.it\/news\/wp-content\/uploads\/2022\/03\/podcast-faiola.mp3<\/a><\/audio>\n<p>&nbsp;<\/p>\n<div class=\"radio-posizionamento-telefono-in-articoli-dopo-il-contenuto-articolo radio-entity-placement\" id=\"radio-1880298352\"><div id=\"radio-3483845669\"><a href=\"https:\/\/www.simeoneceramiche.com\/\" aria-label=\"SIMEONE CERAMICHE GIF animata per radioluna_Tavola disegno 1 copia 2 (online-video-cutter.com)\"><img loading=\"lazy\" decoding=\"async\" src=\"https:\/\/www.radioluna.it\/news\/wp-content\/uploads\/2025\/05\/SIMEONE-CERAMICHE-GIF-animata-per-radioluna_Tavola-disegno-1-copia-2-online-video-cutter.com_.gif\" alt=\"\"  width=\"300\" height=\"250\"   \/><\/a><\/div><\/div>","protected":false},"excerpt":{"rendered":"<p>LATINA &#8211; Sar\u00e0 presentato venerd\u00ec 25 marzo, nell&#8217;aula magna del Vittorio Veneto-Salvemini di Latina, il libro Cambiare lo sguardo. Noi visti da voi (Atlantide Editore), scritto a otto mani da Danila Faiola, Cristina Rossetti, Patrizia Scarsellettti e Paola Stabellini, dove vengono riportati i risultati di una ricerca inedita, condotta attraverso un questionario, che rivela quali [&hellip;]<\/p>\n","protected":false},"author":62,"featured_media":308319,"comment_status":"open","ping_status":"open","sticky":false,"template":"","format":"standard","meta":{"footnotes":""},"categories":[735,2310,2424],"tags":[],"class_list":["post-308318","post","type-post","status-publish","format-standard","has-post-thumbnail","hentry","category-attualita","category-audio","category-i-nostri-libri"],"_links":{"self":[{"href":"https:\/\/www.radioluna.it\/news\/wp-json\/wp\/v2\/posts\/308318","targetHints":{"allow":["GET"]}}],"collection":[{"href":"https:\/\/www.radioluna.it\/news\/wp-json\/wp\/v2\/posts"}],"about":[{"href":"https:\/\/www.radioluna.it\/news\/wp-json\/wp\/v2\/types\/post"}],"author":[{"embeddable":true,"href":"https:\/\/www.radioluna.it\/news\/wp-json\/wp\/v2\/users\/62"}],"replies":[{"embeddable":true,"href":"https:\/\/www.radioluna.it\/news\/wp-json\/wp\/v2\/comments?post=308318"}],"version-history":[{"count":0,"href":"https:\/\/www.radioluna.it\/news\/wp-json\/wp\/v2\/posts\/308318\/revisions"}],"wp:featuredmedia":[{"embeddable":true,"href":"https:\/\/www.radioluna.it\/news\/wp-json\/wp\/v2\/media\/308319"}],"wp:attachment":[{"href":"https:\/\/www.radioluna.it\/news\/wp-json\/wp\/v2\/media?parent=308318"}],"wp:term":[{"taxonomy":"category","embeddable":true,"href":"https:\/\/www.radioluna.it\/news\/wp-json\/wp\/v2\/categories?post=308318"},{"taxonomy":"post_tag","embeddable":true,"href":"https:\/\/www.radioluna.it\/news\/wp-json\/wp\/v2\/tags?post=308318"}],"curies":[{"name":"wp","href":"https:\/\/api.w.org\/{rel}","templated":true}]}}