{"id":308392,"date":"2022-03-23T07:21:26","date_gmt":"2022-03-23T06:21:26","guid":{"rendered":"https:\/\/www.radioluna.it\/news\/?p=308392"},"modified":"2022-03-25T09:25:38","modified_gmt":"2022-03-25T08:25:38","slug":"sabaudia-dice-addio-ai-campionati-europei-under-19","status":"publish","type":"post","link":"https:\/\/www.radioluna.it\/news\/2022\/03\/sabaudia-dice-addio-ai-campionati-europei-under-19\/","title":{"rendered":"Sabaudia dice addio ai Campionati Europei Under 19"},"content":{"rendered":"<div id=\"fb-root\"><\/div>\n<p style=\"text-align: justify;\"><strong>SABAUDIA<\/strong> &#8211; Sabaudia rinuncia agli Europei di Canottaggio under 19. Lo rende noto il Comitato Organizzatore dei grandi eventi remieri di Sabaudia in una nota con la quale comunica di aver &#8220;deciso all\u2019unanimit\u00e0&#8221;. La grande competizione sportiva era calendarizzata sul Lago di Paola il 21 e 22 maggio 2022. &#8220;Una decisione sofferta &#8211; spiegano &#8211; arrivata dopo le vicende giudiziarie che hanno interessato il territorio nelle ultime settimane. Tali vicende hanno avuto un impatto determinante sulla macchina organizzativa facendo emergere notevoli ritardi organizzativi di cui il Comitato Organizzatore nella sua attuale configurazione ha dovuto prendere atto, rilevando, altres\u00ec, di non poter proseguire nelle normali operazioni. L\u2019organizzazione di eventi internazionali impone tempi e standard che a seguito dei ritardi accumulati nelle ultime settimane non sarebbero pi\u00f9 stati rispettati&#8221;.<\/p>\n<p style=\"text-align: justify;\">La decisione \u00e8 stata assunta dal Comitato Organizzatore in comune accordo con il Presidente della Federazione Italiana Canottaggio Giuseppe Abbagnale.\u00a0 Anche il Commissario Prefetto Carmine Valente, insediato al Comune da un paio di settimane, ha dovuto convenire che non vi erano pi\u00f9 le condizioni e i tempi necessari per proseguire efficacemente nell&#8217;organizzazione dell&#8217;evento.<\/p>\n<p style=\"text-align: justify;\">&#8220;Si auspica\u00a0 &#8211; conclude la nota &#8211; che la rinuncia in questa fase, ufficializzata alla federazione mondiale World Rowing e al Consiglio Europeo non abbia ricadute sugli altri eventi internazionali gi\u00e0 assegnati alla citt\u00e0 pontina ed inoltre potr\u00e0 consentire con buona probabilit\u00e0 di mantenere l&#8217;evento sempre in Italia. Sabaudia sfrutter\u00e0 questo periodo per riorganizzare la macchina e ripartire verso i prossimi appuntamenti con l\u2019obiettivo di continuare a valorizzare il territorio che ben si presta come teatro naturale per manifestazione di primissimo livello. Nel 2023 il Campionato del Mondo Coastal Rowing e Finali Beach Sprint in programma tra il 30 settembre e l\u20198 ottobre. Nel 2024, pi\u00f9 precisamente tra il 4 e il 5 maggio, i Campionati Europei Assoluti.<\/p>\n<div class=\"radio-posizionamento-telefono-in-articoli-dopo-il-contenuto-articolo radio-entity-placement\" id=\"radio-2251154763\"><div id=\"radio-377152893\"><a href=\"https:\/\/grupporedi.it\/\" aria-label=\"Redi-Qr\"><img loading=\"lazy\" decoding=\"async\" src=\"https:\/\/www.radioluna.it\/news\/wp-content\/uploads\/2026\/03\/Redi-Qr.jpg\" alt=\"\"  srcset=\"https:\/\/www.radioluna.it\/news\/wp-content\/uploads\/2026\/03\/Redi-Qr.jpg 800w, https:\/\/www.radioluna.it\/news\/wp-content\/uploads\/2026\/03\/Redi-Qr-768x639.jpg 768w\" sizes=\"(max-width: 800px) 100vw, 800px\" width=\"300\" height=\"250\"   \/><\/a><\/div><\/div>","protected":false},"excerpt":{"rendered":"<p>SABAUDIA &#8211; Sabaudia rinuncia agli Europei di Canottaggio under 19. Lo rende noto il Comitato Organizzatore dei grandi eventi remieri di Sabaudia in una nota con la quale comunica di aver &#8220;deciso all\u2019unanimit\u00e0&#8221;. La grande competizione sportiva era calendarizzata sul Lago di Paola il 21 e 22 maggio 2022. &#8220;Una decisione sofferta &#8211; spiegano &#8211; [&hellip;]<\/p>\n","protected":false},"author":62,"featured_media":266688,"comment_status":"open","ping_status":"open","sticky":false,"template":"","format":"standard","meta":{"footnotes":""},"categories":[17],"tags":[],"class_list":["post-308392","post","type-post","status-publish","format-standard","has-post-thumbnail","hentry","category-sport"],"_links":{"self":[{"href":"https:\/\/www.radioluna.it\/news\/wp-json\/wp\/v2\/posts\/308392","targetHints":{"allow":["GET"]}}],"collection":[{"href":"https:\/\/www.radioluna.it\/news\/wp-json\/wp\/v2\/posts"}],"about":[{"href":"https:\/\/www.radioluna.it\/news\/wp-json\/wp\/v2\/types\/post"}],"author":[{"embeddable":true,"href":"https:\/\/www.radioluna.it\/news\/wp-json\/wp\/v2\/users\/62"}],"replies":[{"embeddable":true,"href":"https:\/\/www.radioluna.it\/news\/wp-json\/wp\/v2\/comments?post=308392"}],"version-history":[{"count":0,"href":"https:\/\/www.radioluna.it\/news\/wp-json\/wp\/v2\/posts\/308392\/revisions"}],"wp:featuredmedia":[{"embeddable":true,"href":"https:\/\/www.radioluna.it\/news\/wp-json\/wp\/v2\/media\/266688"}],"wp:attachment":[{"href":"https:\/\/www.radioluna.it\/news\/wp-json\/wp\/v2\/media?parent=308392"}],"wp:term":[{"taxonomy":"category","embeddable":true,"href":"https:\/\/www.radioluna.it\/news\/wp-json\/wp\/v2\/categories?post=308392"},{"taxonomy":"post_tag","embeddable":true,"href":"https:\/\/www.radioluna.it\/news\/wp-json\/wp\/v2\/tags?post=308392"}],"curies":[{"name":"wp","href":"https:\/\/api.w.org\/{rel}","templated":true}]}}