{"id":308415,"date":"2022-03-23T09:36:50","date_gmt":"2022-03-23T08:36:50","guid":{"rendered":"https:\/\/www.radioluna.it\/news\/?p=308415"},"modified":"2022-03-23T09:36:50","modified_gmt":"2022-03-23T08:36:50","slug":"completato-il-restauro-del-cristo-crocifisso-del-museo-diocesano-del-parco-aurunci","status":"publish","type":"post","link":"https:\/\/www.radioluna.it\/news\/2022\/03\/completato-il-restauro-del-cristo-crocifisso-del-museo-diocesano-del-parco-aurunci\/","title":{"rendered":"Completato il restauro del Cristo Crocifisso del Museo Diocesano del Parco Aurunci"},"content":{"rendered":"<div id=\"fb-root\"><\/div>\n<p style=\"text-align: justify;\"><strong><img loading=\"lazy\" decoding=\"async\" class=\"aligncenter size-full wp-image-308416\" src=\"https:\/\/www.radioluna.it\/news\/wp-content\/uploads\/2022\/03\/Giovanni-da-Gaeta-Crocifisso-fronte-002.jpg\" alt=\"\" width=\"1299\" height=\"1920\" srcset=\"https:\/\/www.radioluna.it\/news\/wp-content\/uploads\/2022\/03\/Giovanni-da-Gaeta-Crocifisso-fronte-002.jpg 1299w, https:\/\/www.radioluna.it\/news\/wp-content\/uploads\/2022\/03\/Giovanni-da-Gaeta-Crocifisso-fronte-002-768x1135.jpg 768w, https:\/\/www.radioluna.it\/news\/wp-content\/uploads\/2022\/03\/Giovanni-da-Gaeta-Crocifisso-fronte-002-1039x1536.jpg 1039w\" sizes=\"auto, (max-width: 1299px) 100vw, 1299px\" \/>GAETA<\/strong> &#8211; E&#8217; stato completato il restauro del \u201cCristo crocifisso con la Maddalena ai piedi della Croce\u201d di Giovanni da Gaeta, importante crocifisso appartenente alla collezione del Museo Diocesano e della religiosit\u00e0 del Parco dei Monti Aurunci, condotto presso l\u2019Istituto Centrale per il Restauro nella sede della Scuola di Alta Formazione di Matera. L&#8217;opera restaurata sar\u00e0 esposta dal 27 marzo al 10 luglio 2022 a Forl\u00ec, presso il Museo di San Domenico, nell&#8217;ambito della mostra &#8220;Maddalena. Il mistero e l&#8217;immagine&#8221;.<\/p>\n<p style=\"text-align: justify;\"><strong>L\u2019OPERA &#8211;<\/strong> La croce, sagomata e dipinta sul recto e sul verso, databile attorno al 1460, rappresenta il Cristo Crocifisso con la Maddalena ai piedi della Croce ed \u00e8 eseguita a tempera e oro su tavola &#8211; spiegano dalla Diocesi &#8211;\u00a0 Il soggetto rientra pienamente nella tipologia del crocifisso gotico-doloroso: si tratta di un\u2019iconografia trecentesca, incentrata sulle componenti pi\u00f9 drammatiche e patetiche dell\u2019episodio anche grazie all\u2019approfondimento del tema nell\u2019ambito dei testi apocrifi e delle sacre rappresentazioni teatrali, che trovava ancora diffusione nella met\u00e0 del XV secolo. L\u2019autore dell\u2019opera \u00e8 stato identificato da Federico Zeri come \u201cmaestro del 1456\u201d, responsabile del trittico con l\u2019\u201cIncoronazione della Vergine\u201d eseguito in quella data e all\u2019epoca conservato nella chiesa gaetana di Santa Lucia (gi\u00e0 Santa Maria in Pensulis), il medesimo edificio di culto da cui proviene la croce dipinta. Entrambe le opere sono entrate a far parte delle raccolte del Museo Diocesano di Gaeta. Successivamente l\u2019anonimo pittore individuato da Federico Zeri \u00e8 stato identificato come Giovanni da Gaeta, un artista proveniente dal milieu napoletano-aragonese, formatosi a contatto con Leonardo da Besozzo nel cantiere della Chiesa di San Giovanni a Carbonara, e il cui linguaggio fu in seguito arricchito da esperienze umbro-marchigiane e ispano-catalane.<\/p>\n<p style=\"text-align: justify;\"><strong>L\u2019INTERVENTO DI RESTAURO<\/strong> &#8211; L\u2019intervento di restauro condotto dall\u2019Istituto Centrale per il Restauro, in collaborazione con la Soprintendenza Archeologia Belle Arti e Paesaggio per le province di Frosinone e Latina, ha interessato sia il recto sia il verso della croce; \u00e8 stato effettuato in gran parte nell\u2019ambito di un cantiere didattico degli allievi della Scuola di Alta Formazione e Studio della sede di Matera del 70\u00b0 e del 72\u00b0 corso afferenti al Percorso Formativo Professionalizzante relativo ai Manufatti dipinti su supporto ligneo e tessile\u00a0 \u00a0&#8211; aggiungono dal Museo Diocesano &#8211; . Prima dell&#8217;intervento sono state effettuate le indagini multispettrali all\u2019infrarosso e nell\u2019ultravioletto, e sono stati eseguiti alcuni prelievi per le indagini stratigrafiche per il riconoscimento dei pigmenti e dei leganti. La pulitura si \u00e8 rivelata lunga e complessa, per via del pesante strato bruno presente su tutta la superficie che ottundeva la brillantezza dei colori originali. Il verso del dipinto, un monocromo eseguito a tempera magra, era decoeso e lacunoso. In questo caso la pulitura \u00e8 stata eseguita fondamentalmente a secco. La pellicola pittorica \u00e8 stata consolidata e ritoccata esclusivamente ad acquerello. Il restauro \u00e8 stato portato a compimento grazie alla collaborazione della Fondazione Cassa dei Risparmi di Forl\u00ec, che ha finanziato il completamento della reintegrazione pittorica e la realizzazione di un nuovo sistema di supporto.<\/p>\n<p>Gruppo di Progettazione<\/p>\n<p>\u00b7 Francesca Fabbri: funzionario storico dell\u2019arte, aspetti storico artistici<\/p>\n<p>\u00b7 Francesca Capanna: funzionario restauratore, restauro<\/p>\n<p>\u00b7 Patrizia Giacomazzi: funzionario restauratore, restauro<\/p>\n<p>\u00b7 Marco Bartolini: funzionario biologo, aspetti biologici<\/p>\n<p>\u00b7 Roberto Ciabattoni: funzionario restauratore, strutture di contenimento<\/p>\n<p>\u00b7 Fabio Aramini: funzionario restauratore, Diagnostica multispettrale<\/p>\n<p>\u00b7 Angelo Raffaele Rubino: funzionario per le tecnologie, documentazione fotografica<\/p>\n<p>\u00b7 Luciano Cinone, Flavio Garzia, Alessandro Pierangeli: assistenti tecnici, logistica Ufficio di direzione dei lavori<\/p>\n<p>\u00b7 Francesca Fabbri: funzionario storico dell\u2019arte ICR, direzione dei lavori<\/p>\n<p>\u00b7 Francesca Capanna: funzionario restauratore ICR, direzione operativa<\/p>\n<p>\u00b7 Marco D\u2019Attanasio, funzionario storico dell\u2019arte, Soprintendenza Archeologia Belle Arti e Paesaggio per le province di Frosinone e Latina<\/p>\n<p>\u00b7 Monica Sabatini, funzionario restauratore, Soprintendenza Archeologia Belle Arti e Paesaggio per l\u2019Area Metropolitana di Roma e per la provincia di Rieti (gi\u00e0 appartenente alla Soprintendenza Archeologia Belle Arti e Paesaggio per le province di Frosinone e Latina)<\/p>\n<div class=\"radio-posizionamento-telefono-in-articoli-dopo-il-contenuto-articolo radio-entity-placement\" id=\"radio-1309632704\"><div id=\"radio-3771380132\"><a href=\"https:\/\/grupporedi.it\/\" aria-label=\"Redi-Qr\"><img loading=\"lazy\" decoding=\"async\" src=\"https:\/\/www.radioluna.it\/news\/wp-content\/uploads\/2026\/03\/Redi-Qr.jpg\" alt=\"\"  srcset=\"https:\/\/www.radioluna.it\/news\/wp-content\/uploads\/2026\/03\/Redi-Qr.jpg 800w, https:\/\/www.radioluna.it\/news\/wp-content\/uploads\/2026\/03\/Redi-Qr-768x639.jpg 768w\" sizes=\"(max-width: 800px) 100vw, 800px\" width=\"300\" height=\"250\"   \/><\/a><\/div><\/div>","protected":false},"excerpt":{"rendered":"<p>GAETA &#8211; E&#8217; stato completato il restauro del \u201cCristo crocifisso con la Maddalena ai piedi della Croce\u201d di Giovanni da Gaeta, importante crocifisso appartenente alla collezione del Museo Diocesano e della religiosit\u00e0 del Parco dei Monti Aurunci, condotto presso l\u2019Istituto Centrale per il Restauro nella sede della Scuola di Alta Formazione di Matera. L&#8217;opera restaurata [&hellip;]<\/p>\n","protected":false},"author":60,"featured_media":308417,"comment_status":"open","ping_status":"open","sticky":false,"template":"","format":"standard","meta":{"footnotes":""},"categories":[15],"tags":[],"class_list":["post-308415","post","type-post","status-publish","format-standard","has-post-thumbnail","hentry","category-cultura"],"_links":{"self":[{"href":"https:\/\/www.radioluna.it\/news\/wp-json\/wp\/v2\/posts\/308415","targetHints":{"allow":["GET"]}}],"collection":[{"href":"https:\/\/www.radioluna.it\/news\/wp-json\/wp\/v2\/posts"}],"about":[{"href":"https:\/\/www.radioluna.it\/news\/wp-json\/wp\/v2\/types\/post"}],"author":[{"embeddable":true,"href":"https:\/\/www.radioluna.it\/news\/wp-json\/wp\/v2\/users\/60"}],"replies":[{"embeddable":true,"href":"https:\/\/www.radioluna.it\/news\/wp-json\/wp\/v2\/comments?post=308415"}],"version-history":[{"count":0,"href":"https:\/\/www.radioluna.it\/news\/wp-json\/wp\/v2\/posts\/308415\/revisions"}],"wp:featuredmedia":[{"embeddable":true,"href":"https:\/\/www.radioluna.it\/news\/wp-json\/wp\/v2\/media\/308417"}],"wp:attachment":[{"href":"https:\/\/www.radioluna.it\/news\/wp-json\/wp\/v2\/media?parent=308415"}],"wp:term":[{"taxonomy":"category","embeddable":true,"href":"https:\/\/www.radioluna.it\/news\/wp-json\/wp\/v2\/categories?post=308415"},{"taxonomy":"post_tag","embeddable":true,"href":"https:\/\/www.radioluna.it\/news\/wp-json\/wp\/v2\/tags?post=308415"}],"curies":[{"name":"wp","href":"https:\/\/api.w.org\/{rel}","templated":true}]}}