{"id":308487,"date":"2022-03-24T14:18:59","date_gmt":"2022-03-24T13:18:59","guid":{"rendered":"https:\/\/www.radioluna.it\/news\/?p=308487"},"modified":"2022-03-24T14:22:02","modified_gmt":"2022-03-24T13:22:02","slug":"i-vero-a-meta-riportano-a-latina-il-maestro-ernesto-vitolo","status":"publish","type":"post","link":"https:\/\/www.radioluna.it\/news\/2022\/03\/i-vero-a-meta-riportano-a-latina-il-maestro-ernesto-vitolo\/","title":{"rendered":"I Vero a Met\u00e0 riportano a Latina il maestro Ernesto Vitolo"},"content":{"rendered":"<div id=\"fb-root\"><\/div>\n<p style=\"text-align: justify;\"><strong>LATINA<\/strong> &#8211; Venerd\u00ec 25 marzo a El Paso di Borgo Piave, i Vero a Met\u00e0 porteranno a Latina il maestro Ernesto Vitolo, special guest del concerto che vedr\u00e0 sul palco Fabio Federici, Antonio Truono, Luca Bassi, Fabio Testa, Mariano Caiano, Gianluca Caetani e Giampietro Quararantiello. Un programma con le pi\u00f9 belle musiche dell&#8217;indimenticato e indimenticabile Pino Daniele per la tribute band pontina che torner\u00e0 ad esibirsi con l&#8217;artista napoletano che ha inciso e suonato nei live di Pino Daniele e collaborato con i nomi pi\u00f9 grandi della musica.<\/p>\n<p style=\"text-align: justify;\">&#8220;Una serata da vivere con le pi\u00f9 belle canzoni di Pino, suonate con la band al completo e con il valore aggiunto di chi ha scritto con Pino pagine memorabili nella storia ella musica&#8221;, sottolinea Fabio Federici.<\/p>\n<p style=\"text-align: justify;\">I Vero a Met\u00e0 sono nati 20 anni fa, e hanno tenuto oltre duecento concerti in mezza Italia. Da qualche anno suona stabilmente le percussioni con la band di Latina anche uno dei cantanti dell&#8217;Orchestra italiana di Renzo Arbore, Mariano Caiano.<\/p>\n<div class=\"radio-posizionamento-telefono-in-articoli-dopo-il-contenuto-articolo radio-entity-placement\" id=\"radio-3962275861\"><div id=\"radio-4118175475\"><a href=\"https:\/\/www.simeoneceramiche.com\/\" aria-label=\"SIMEONE CERAMICHE GIF animata per radioluna_Tavola disegno 1 copia 2 (online-video-cutter.com)\"><img loading=\"lazy\" decoding=\"async\" src=\"https:\/\/www.radioluna.it\/news\/wp-content\/uploads\/2025\/05\/SIMEONE-CERAMICHE-GIF-animata-per-radioluna_Tavola-disegno-1-copia-2-online-video-cutter.com_.gif\" alt=\"\"  width=\"300\" height=\"250\"   \/><\/a><\/div><\/div>","protected":false},"excerpt":{"rendered":"<p>LATINA &#8211; Venerd\u00ec 25 marzo a El Paso di Borgo Piave, i Vero a Met\u00e0 porteranno a Latina il maestro Ernesto Vitolo, special guest del concerto che vedr\u00e0 sul palco Fabio Federici, Antonio Truono, Luca Bassi, Fabio Testa, Mariano Caiano, Gianluca Caetani e Giampietro Quararantiello. Un programma con le pi\u00f9 belle musiche dell&#8217;indimenticato e indimenticabile [&hellip;]<\/p>\n","protected":false},"author":62,"featured_media":308488,"comment_status":"open","ping_status":"open","sticky":false,"template":"","format":"standard","meta":{"footnotes":""},"categories":[16],"tags":[],"class_list":["post-308487","post","type-post","status-publish","format-standard","has-post-thumbnail","hentry","category-appuntamenti"],"_links":{"self":[{"href":"https:\/\/www.radioluna.it\/news\/wp-json\/wp\/v2\/posts\/308487","targetHints":{"allow":["GET"]}}],"collection":[{"href":"https:\/\/www.radioluna.it\/news\/wp-json\/wp\/v2\/posts"}],"about":[{"href":"https:\/\/www.radioluna.it\/news\/wp-json\/wp\/v2\/types\/post"}],"author":[{"embeddable":true,"href":"https:\/\/www.radioluna.it\/news\/wp-json\/wp\/v2\/users\/62"}],"replies":[{"embeddable":true,"href":"https:\/\/www.radioluna.it\/news\/wp-json\/wp\/v2\/comments?post=308487"}],"version-history":[{"count":0,"href":"https:\/\/www.radioluna.it\/news\/wp-json\/wp\/v2\/posts\/308487\/revisions"}],"wp:featuredmedia":[{"embeddable":true,"href":"https:\/\/www.radioluna.it\/news\/wp-json\/wp\/v2\/media\/308488"}],"wp:attachment":[{"href":"https:\/\/www.radioluna.it\/news\/wp-json\/wp\/v2\/media?parent=308487"}],"wp:term":[{"taxonomy":"category","embeddable":true,"href":"https:\/\/www.radioluna.it\/news\/wp-json\/wp\/v2\/categories?post=308487"},{"taxonomy":"post_tag","embeddable":true,"href":"https:\/\/www.radioluna.it\/news\/wp-json\/wp\/v2\/tags?post=308487"}],"curies":[{"name":"wp","href":"https:\/\/api.w.org\/{rel}","templated":true}]}}