{"id":308521,"date":"2022-03-24T18:45:44","date_gmt":"2022-03-24T17:45:44","guid":{"rendered":"https:\/\/www.radioluna.it\/news\/?p=308521"},"modified":"2022-03-27T11:02:39","modified_gmt":"2022-03-27T09:02:39","slug":"la-caritas-pontina-accoglie-i-primi-nove-profughi-ucraini-arrivati-con-un-ponte-aereo","status":"publish","type":"post","link":"https:\/\/www.radioluna.it\/news\/2022\/03\/la-caritas-pontina-accoglie-i-primi-nove-profughi-ucraini-arrivati-con-un-ponte-aereo\/","title":{"rendered":"La Caritas pontina accoglie i primi nove profughi ucraini arrivati con un ponte aereo"},"content":{"rendered":"<div id=\"fb-root\"><\/div>\n<p style=\"text-align: justify;\"><strong>LATINA<\/strong> &#8211; La Caritas pontina accoglie i primi profughi ucraini arrivati in questi giorni sul territorio grazie al ponte aereo organizzato da Caritas Italiana, in collaborazione con Open Arms, realizzato con voli partiti dalla Polonia. \u00abNonostante alcuni contrattempi logistici, tipici di questi momenti e di questi numeri, proprio luned\u00ec pomeriggio siamo andati a Fiumicino a prendere il gruppo assegnato a Latina, che sar\u00e0 smistato nelle case che abbiamo messo a disposizione. Per alcuni forse sar\u00e0 anche una permanenza breve perch\u00e9 raggiungeranno i parenti in altre parti d\u2019Italia. Avranno cos\u00ec un barlume di famiglia\u00bb, ha spiegato <strong>Angelo Raponi, direttore della Caritas diocesana<\/strong>.\u00a0 (foto Caritas)<\/p>\n<p style=\"text-align: justify;\"><strong>NONNI, MAMME E BIMBI PICCOLI<\/strong> &#8211; In totale nove persone: all\u2019ex Convento di San Francesco<strong>, a Cori, sono andati una donna anziana, con la figlia che a sua volta ha una bambina di 4 anni d\u2019et\u00e0<\/strong>. Qui sono stati accolti dai membri dell\u2019associazione \u201cIl circo delle farfalle\u201d, che gestiscono la struttura. Poi, presso la casa di accoglienza dell\u2019<strong>Unitalsi a Borgo Faiti, Latina, sono ospitati due nonni di 64 e 65 anni d\u2019et\u00e0<\/strong>,<strong> con la figlia 45enne che ha un bambino di 10 anni<\/strong>. Invece, <strong>una donna con due bambini \u00e8 accolta a Priverno<\/strong>, nella casetta messa a disposizione dalla comunit\u00e0 parrocchiale di S. Antonio abate.<\/p>\n<p style=\"text-align: justify;\">Infine, <strong>altre 4 persone in fuga dalla guerra \u2013 arrivate a Latina con mezzi propri &#8211; sono state affidate a una signora di Latina<\/strong>, che le ospiter\u00e0 nella sua abitazione. Una disponibilit\u00e0 segnalata alla Caritas stessa dopo aver sentito gli appelli in parrocchia. &#8220;Per tutte queste persone &#8211; aggiungono da Caritas &#8211; sono state gi\u00e0 attivate la profilassi anti Covid,\u00a0 e la segnalazione al Comune di residenza e alla Questura&#8221;<\/p>\n<p style=\"text-align: justify;\"><strong>VENERDI&#8217; DI PREGHIERA<\/strong> &#8211; Nel frattempo, domani 25 marzo, in tutte le parrocchie della diocesi pontina i parroci e <strong>il vescovo Mariano Crociata<\/strong> si uniranno spiritualmente a papa Francesco per l\u2019Atto di consacrazione al Cuore Immacolato di Maria della Russia e dell\u2019Ucraina, che lo stesso Santo Padre pronuncer\u00e0 durante il rito nella basilica di San Pietro, a Roma.<\/p>\n<p style=\"text-align: justify;\">Il vescovo Mariano Crociata nei giorni scorsi ha scritto al clero diocesano ricordando che \u00ababbiamo sentito subito di unirci spiritualmente, come ulteriore espressione di quella partecipazione e sensibilit\u00e0 che tutti ci ha toccati a seguito della drammatica guerra in corso in Ucraina.\u00a0 A partire dal Cuore Immacolato di Maria, riflesso singolare del Cuore di Ges\u00f9 nella sua qualit\u00e0 di espressione umana perfetta dell\u2019amore di Dio, nella preghiera e nella fede anche i nostri cuori hanno bisogno di accogliere quello stesso amore, cos\u00ec da diventare strumenti di nuova fraternit\u00e0, e i cuori di coloro che hanno responsabilit\u00e0 nella tragedia in corso possano essere toccati dalla corrente di grazia che anche attraverso di noi credenti pervade l\u2019umanit\u00e0 intera per i meriti della passione e risurrezione di Cristo nella potenza dello Spirito Santo\u00bb.<\/p>\n<p style=\"text-align: justify;\">\n<div class=\"radio-posizionamento-telefono-in-articoli-dopo-il-contenuto-articolo radio-entity-placement\" id=\"radio-3047711704\"><div id=\"radio-1450323919\"><a href=\"https:\/\/www.simeoneceramiche.com\/\" aria-label=\"SIMEONE CERAMICHE GIF animata per radioluna_Tavola disegno 1 copia 2 (online-video-cutter.com)\"><img loading=\"lazy\" decoding=\"async\" src=\"https:\/\/www.radioluna.it\/news\/wp-content\/uploads\/2025\/05\/SIMEONE-CERAMICHE-GIF-animata-per-radioluna_Tavola-disegno-1-copia-2-online-video-cutter.com_.gif\" alt=\"\"  width=\"300\" height=\"250\"   \/><\/a><\/div><\/div>","protected":false},"excerpt":{"rendered":"<p>LATINA &#8211; La Caritas pontina accoglie i primi profughi ucraini arrivati in questi giorni sul territorio grazie al ponte aereo organizzato da Caritas Italiana, in collaborazione con Open Arms, realizzato con voli partiti dalla Polonia. \u00abNonostante alcuni contrattempi logistici, tipici di questi momenti e di questi numeri, proprio luned\u00ec pomeriggio siamo andati a Fiumicino a [&hellip;]<\/p>\n","protected":false},"author":62,"featured_media":308522,"comment_status":"open","ping_status":"open","sticky":false,"template":"","format":"standard","meta":{"footnotes":""},"categories":[7],"tags":[],"class_list":["post-308521","post","type-post","status-publish","format-standard","has-post-thumbnail","hentry","category-cronaca"],"_links":{"self":[{"href":"https:\/\/www.radioluna.it\/news\/wp-json\/wp\/v2\/posts\/308521","targetHints":{"allow":["GET"]}}],"collection":[{"href":"https:\/\/www.radioluna.it\/news\/wp-json\/wp\/v2\/posts"}],"about":[{"href":"https:\/\/www.radioluna.it\/news\/wp-json\/wp\/v2\/types\/post"}],"author":[{"embeddable":true,"href":"https:\/\/www.radioluna.it\/news\/wp-json\/wp\/v2\/users\/62"}],"replies":[{"embeddable":true,"href":"https:\/\/www.radioluna.it\/news\/wp-json\/wp\/v2\/comments?post=308521"}],"version-history":[{"count":0,"href":"https:\/\/www.radioluna.it\/news\/wp-json\/wp\/v2\/posts\/308521\/revisions"}],"wp:featuredmedia":[{"embeddable":true,"href":"https:\/\/www.radioluna.it\/news\/wp-json\/wp\/v2\/media\/308522"}],"wp:attachment":[{"href":"https:\/\/www.radioluna.it\/news\/wp-json\/wp\/v2\/media?parent=308521"}],"wp:term":[{"taxonomy":"category","embeddable":true,"href":"https:\/\/www.radioluna.it\/news\/wp-json\/wp\/v2\/categories?post=308521"},{"taxonomy":"post_tag","embeddable":true,"href":"https:\/\/www.radioluna.it\/news\/wp-json\/wp\/v2\/tags?post=308521"}],"curies":[{"name":"wp","href":"https:\/\/api.w.org\/{rel}","templated":true}]}}