{"id":308527,"date":"2022-03-24T19:29:35","date_gmt":"2022-03-24T18:29:35","guid":{"rendered":"https:\/\/www.radioluna.it\/news\/?p=308527"},"modified":"2022-03-25T11:00:15","modified_gmt":"2022-03-25T10:00:15","slug":"al-mug-di-latina-mario-balsamo-presenta-il-suo-libro-la-vita-estranea","status":"publish","type":"post","link":"https:\/\/www.radioluna.it\/news\/2022\/03\/al-mug-di-latina-mario-balsamo-presenta-il-suo-libro-la-vita-estranea\/","title":{"rendered":"Al Mug di Latina Mario Balsamo presenta il suo libro &#8220;La vita estranea&#8221;"},"content":{"rendered":"<div id=\"fb-root\"><\/div>\n<p style=\"text-align: justify;\"><strong>LATINA<\/strong> &#8211; \u00abUn lavoro sincero, impudico, spiazzante. Un modo curioso, giocoso e insieme serissimo di meditare sulla morte\u00bb. Cos\u00ec lo scrittore Paolo Di Paolo pennella &#8220;La vita estranea&#8221; (ed Morellini), secondo libro di Mario Balsamo, registra e scrittore di Latina, che lo presenter\u00e0 nello spazio eventi del Mug sabato prossimo 26 marzo\u00a0 \u00a0(alle18) con l&#8217;aiuto del giornalista Vittorio Buongiorno. La serata sar\u00e0 introdotta dal direttore del Museo, Luigi Giannini.<\/p>\n<p style=\"text-align: justify;\">Da qualche giorno in libreria,\u00a0 &#8220;La vita estranea \u00e8 un romanzo che attraverso le fascinazioni di un&#8217;arte come quella dell&#8217;escapologia, che ha visto in Houdini l&#8217;indimenticato pioniere, porta il protagonista, a causa della sua malattia, a interrogarsi e &#8220;fare pace&#8221; con la propria morte imminente&#8221;, spiega Balsamo che ha scelto per il libro lo stesso tocco leggero e ironico che ha caratterizzato qualche anno fa il film documentario <em>Noi non siamo come James Bond<\/em>, scritto durante la malattia che in quel momento si trovava ad affrontare.<\/p>\n<p>Ecco che cosa ha detto l&#8217;autore<\/p>\n<audio class=\"wp-audio-shortcode\" id=\"audio-308527-1\" preload=\"none\" style=\"width: 100%;\" controls=\"controls\"><source type=\"audio\/mpeg\" src=\"https:\/\/www.radioluna.it\/news\/wp-content\/uploads\/2022\/03\/mario-balsamo2.mp3?_=1\" \/><a href=\"https:\/\/www.radioluna.it\/news\/wp-content\/uploads\/2022\/03\/mario-balsamo2.mp3\">https:\/\/www.radioluna.it\/news\/wp-content\/uploads\/2022\/03\/mario-balsamo2.mp3<\/a><\/audio>\n<p style=\"text-align: justify;\">&#8220;La malattia grave e il fine vita non sono solo un modo di trovare la propria resilienza, ma anche la maniera di scherzare sulla Signora in Nero per quanto possibile&#8221;, aggiunge l&#8217;autore che cos\u00ec tocca il tema di grande attualit\u00e0 dell&#8217;autoderminazione anche della propria morte. &#8220;L&#8217;escapologia \u00e8 il fuggire da qualsiasi pericolosa costrizione e, di rimando, ventilare la possibilit\u00e0, per quanto illusoria e irrealistica, di sfuggire alla morte&#8221;, aggiunge introducendo Leo, il personaggio del libro che &#8220;ad un certo punto della sua carriera, incappa in un incidente di percorso: prima professionale, poi umano. Da che si credeva immortale, si rende conto di avere ancora poco da vivere. Dopo un primo momento di disperazione, Leo sospende i suoi numeri di escapologia e cerca di ridefinire la sua esistenza, completamente stravolta dalle circostanze&#8221;.<\/p>\n<p><a href=\"https:\/\/www.radioluna.it\/news\/2022\/02\/il-ritorno-del-regista-di-latina-mario-balsamo-con-un-libro-che-diventera-film\/\">Una prima anticipazione su Radio Immagine<\/a><\/p>\n<p style=\"text-align: justify;\">Mario Balsamo \u00e8 regista documentarista e insegna a diventarlo. Tra i suoi film, i pi\u00f9 premiati e noti sono stati: Noi non siamo come James Bond, Mia madre fa l\u2019attrice, Sognavo le nuvole colorate, Sotto il cielo di Baghdad, raccontati nel libro Il cielo rovesciato (di Sabina Curti e Fabrizio Croce, per i tipi di Bulzoni). Come scrittore e saggista ha firmato il romanzo storico Que viva marcos! (manifestolibri) e il manuale per la realizzazione di documentari L\u2019officina del reale (Cdg).<\/p>\n<div class=\"radio-posizionamento-telefono-in-articoli-dopo-il-contenuto-articolo radio-entity-placement\" id=\"radio-2206424363\"><div id=\"radio-1983763671\" style=\"width: 300px;height: 250px;\"><a href=\"https:\/\/www.icarspa.it\/auto\/usate\/latina\/\" aria-label=\"banner aprile icar new life &#8211; auto usate latina\"><img loading=\"lazy\" decoding=\"async\" src=\"https:\/\/www.radioluna.it\/news\/wp-content\/uploads\/2026\/02\/banner-aprile-icar-new-life-auto-usate-latina.gif\" alt=\"\"  width=\"300\" height=\"250\"   \/><\/a><\/div><\/div>","protected":false},"excerpt":{"rendered":"<p>LATINA &#8211; \u00abUn lavoro sincero, impudico, spiazzante. Un modo curioso, giocoso e insieme serissimo di meditare sulla morte\u00bb. Cos\u00ec lo scrittore Paolo Di Paolo pennella &#8220;La vita estranea&#8221; (ed Morellini), secondo libro di Mario Balsamo, registra e scrittore di Latina, che lo presenter\u00e0 nello spazio eventi del Mug sabato prossimo 26 marzo\u00a0 \u00a0(alle18) con l&#8217;aiuto [&hellip;]<\/p>\n","protected":false},"author":62,"featured_media":170615,"comment_status":"open","ping_status":"open","sticky":false,"template":"","format":"standard","meta":{"footnotes":""},"categories":[16,2310],"tags":[],"class_list":["post-308527","post","type-post","status-publish","format-standard","has-post-thumbnail","hentry","category-appuntamenti","category-audio"],"_links":{"self":[{"href":"https:\/\/www.radioluna.it\/news\/wp-json\/wp\/v2\/posts\/308527","targetHints":{"allow":["GET"]}}],"collection":[{"href":"https:\/\/www.radioluna.it\/news\/wp-json\/wp\/v2\/posts"}],"about":[{"href":"https:\/\/www.radioluna.it\/news\/wp-json\/wp\/v2\/types\/post"}],"author":[{"embeddable":true,"href":"https:\/\/www.radioluna.it\/news\/wp-json\/wp\/v2\/users\/62"}],"replies":[{"embeddable":true,"href":"https:\/\/www.radioluna.it\/news\/wp-json\/wp\/v2\/comments?post=308527"}],"version-history":[{"count":0,"href":"https:\/\/www.radioluna.it\/news\/wp-json\/wp\/v2\/posts\/308527\/revisions"}],"wp:featuredmedia":[{"embeddable":true,"href":"https:\/\/www.radioluna.it\/news\/wp-json\/wp\/v2\/media\/170615"}],"wp:attachment":[{"href":"https:\/\/www.radioluna.it\/news\/wp-json\/wp\/v2\/media?parent=308527"}],"wp:term":[{"taxonomy":"category","embeddable":true,"href":"https:\/\/www.radioluna.it\/news\/wp-json\/wp\/v2\/categories?post=308527"},{"taxonomy":"post_tag","embeddable":true,"href":"https:\/\/www.radioluna.it\/news\/wp-json\/wp\/v2\/tags?post=308527"}],"curies":[{"name":"wp","href":"https:\/\/api.w.org\/{rel}","templated":true}]}}