{"id":308563,"date":"2022-03-25T11:57:54","date_gmt":"2022-03-25T10:57:54","guid":{"rendered":"https:\/\/www.radioluna.it\/news\/?p=308563"},"modified":"2022-03-30T12:33:45","modified_gmt":"2022-03-30T10:33:45","slug":"disagio-giovanile-a-latina-quattro-tentativi-di-suicidio-tra-gli-under-17-in-tre-mesi","status":"publish","type":"post","link":"https:\/\/www.radioluna.it\/news\/2022\/03\/disagio-giovanile-a-latina-quattro-tentativi-di-suicidio-tra-gli-under-17-in-tre-mesi\/","title":{"rendered":"Disagio giovanile, a Latina quattro tentativi di suicidio tra gli under 17 in tre mesi"},"content":{"rendered":"<div id=\"fb-root\"><\/div>\n<p style=\"text-align: justify;\"><strong>LATINA &#8211; <\/strong>A Latina quattro ragazzi minorenni hanno tentato il suicidio da gennaio ad oggi. Sono i casi emersi all&#8217;attenzione dell&#8217;Ufficio Minori del Comune di Latina. Un dato drammatico che insieme con altri ha spinto<strong> l\u2019assessora al Welfare del Comune di Latina, Francesca Pierleoni<\/strong> a decidere di affrontare con decisione e urgenza il tema del disagio giovanile.<\/p>\n<p style=\"text-align: justify;\">&#8220;Un dato che sta crescendo in maniera esponenziale con un aumento del 200% negli adolescenti fino ai 14 anni. Un malessere che la pandemia ha solo accelerato e reso evidente, ma che i ragazzi gi\u00e0 mostravano&#8221;, spiega l&#8217;assessora.<\/p>\n<p style=\"text-align: justify;\">Il primo passo \u00e8 stato studiare un protocollo d&#8217;intesa che sar\u00e0 firmato nelle prossime settimane tra l\u2019ente locale e il <strong>Garante per l\u2019Infanzia e l\u2019adolescenza della Regione Lazio<\/strong>, rappresentato dalla dottoressa <strong>Monica Sansoni<\/strong>, per la costituzione di un tavolo interistituzionale: &#8220;Con noi e il Garante saranno presenti a questo tavolo anche la scuola, le forze dell&#8217;ordine, la Asl. L&#8217;obiettivo \u00e8 calendarizzare e sistematizzare una serie di eventi di informazione e sensibilizzazione, rendendo il pi\u00f9 capillare possibile la nostra presenza in tutti gli istituti scolastici del territorio. Affronteremo i fenomeni che attraversano i giovani, per esempio quello delle baby gang che abbiamo pi\u00f9 volte visto in azione in piazza San Marco&#8221;. Si pensa anche ad uno sportello di ascolto per giovani e genitori.<\/p>\n<p style=\"text-align: justify;\">La bozza di accordo con il Garante e le possibili azioni sono stati illustrati ieri nella <strong>Commissione Welfare presieduta dal consigliere Alessio Pagliari<\/strong>.<\/p>\n<p>L&#8217;assessora Pierleoni ne ha parlato in radio<\/p>\n<audio class=\"wp-audio-shortcode\" id=\"audio-308563-1\" preload=\"none\" style=\"width: 100%;\" controls=\"controls\"><source type=\"audio\/mpeg\" src=\"https:\/\/www.radioluna.it\/news\/wp-content\/uploads\/2022\/03\/pierleoni-disagio-giovanile.mp3?_=1\" \/><a href=\"https:\/\/www.radioluna.it\/news\/wp-content\/uploads\/2022\/03\/pierleoni-disagio-giovanile.mp3\">https:\/\/www.radioluna.it\/news\/wp-content\/uploads\/2022\/03\/pierleoni-disagio-giovanile.mp3<\/a><\/audio>\n<p style=\"text-align: justify;\">&#8220;Purtroppo anche il nostro territorio &#8211; dichiara il Presidente della Commissione Alessio Pagliari &#8211; non \u00e8 immune da questo fenomeno. Il tema \u00e8 molto sentito da tutti i commissari. Il lavoro da fare \u00e8 tanto, si comincer\u00e0 con l&#8217;analisi dei dati statistici e l&#8217;audizione di coloro che in prima linea, e a vario titolo, affrontano quotidianamente il disagio giovanile. Saranno a breve programmati dei convegni specifici per formare ed informare i cittadini, oltre alla redazione di apposite mozioni per indirizzare l&#8217;Amministrazione ad intraprendere le migliori e pi\u00f9 idonee scelte politiche. Come Presidente di Commissione \u2014 conclude Alessio Pagliari &#8211; vorrei ringraziare tutti i commissari per l&#8217;impegno profuso finora, abbiamo molti temi da trattare ed approfondire nei vari ambiti di competenza della commissione.&#8221;<\/p>\n<div class=\"radio-posizionamento-telefono-in-articoli-dopo-il-contenuto-articolo radio-entity-placement\" id=\"radio-135401781\"><div id=\"radio-3436816374\" style=\"width: 300px;height: 250px;\"><a href=\"https:\/\/www.icarspa.it\/auto\/usate\/latina\/\" aria-label=\"banner aprile icar new life &#8211; auto usate latina\"><img loading=\"lazy\" decoding=\"async\" src=\"https:\/\/www.radioluna.it\/news\/wp-content\/uploads\/2026\/02\/banner-aprile-icar-new-life-auto-usate-latina.gif\" alt=\"\"  width=\"300\" height=\"250\"   \/><\/a><\/div><\/div>","protected":false},"excerpt":{"rendered":"<p>LATINA &#8211; A Latina quattro ragazzi minorenni hanno tentato il suicidio da gennaio ad oggi. Sono i casi emersi all&#8217;attenzione dell&#8217;Ufficio Minori del Comune di Latina. Un dato drammatico che insieme con altri ha spinto l\u2019assessora al Welfare del Comune di Latina, Francesca Pierleoni a decidere di affrontare con decisione e urgenza il tema del [&hellip;]<\/p>\n","protected":false},"author":62,"featured_media":307574,"comment_status":"open","ping_status":"open","sticky":false,"template":"","format":"standard","meta":{"footnotes":""},"categories":[2310,7],"tags":[],"class_list":["post-308563","post","type-post","status-publish","format-standard","has-post-thumbnail","hentry","category-audio","category-cronaca"],"_links":{"self":[{"href":"https:\/\/www.radioluna.it\/news\/wp-json\/wp\/v2\/posts\/308563","targetHints":{"allow":["GET"]}}],"collection":[{"href":"https:\/\/www.radioluna.it\/news\/wp-json\/wp\/v2\/posts"}],"about":[{"href":"https:\/\/www.radioluna.it\/news\/wp-json\/wp\/v2\/types\/post"}],"author":[{"embeddable":true,"href":"https:\/\/www.radioluna.it\/news\/wp-json\/wp\/v2\/users\/62"}],"replies":[{"embeddable":true,"href":"https:\/\/www.radioluna.it\/news\/wp-json\/wp\/v2\/comments?post=308563"}],"version-history":[{"count":0,"href":"https:\/\/www.radioluna.it\/news\/wp-json\/wp\/v2\/posts\/308563\/revisions"}],"wp:featuredmedia":[{"embeddable":true,"href":"https:\/\/www.radioluna.it\/news\/wp-json\/wp\/v2\/media\/307574"}],"wp:attachment":[{"href":"https:\/\/www.radioluna.it\/news\/wp-json\/wp\/v2\/media?parent=308563"}],"wp:term":[{"taxonomy":"category","embeddable":true,"href":"https:\/\/www.radioluna.it\/news\/wp-json\/wp\/v2\/categories?post=308563"},{"taxonomy":"post_tag","embeddable":true,"href":"https:\/\/www.radioluna.it\/news\/wp-json\/wp\/v2\/tags?post=308563"}],"curies":[{"name":"wp","href":"https:\/\/api.w.org\/{rel}","templated":true}]}}