{"id":308614,"date":"2022-03-26T07:12:47","date_gmt":"2022-03-26T06:12:47","guid":{"rendered":"https:\/\/www.radioluna.it\/news\/?p=308614"},"modified":"2022-03-29T07:35:50","modified_gmt":"2022-03-29T05:35:50","slug":"al-goretti-fiocco-ucraino-e-nato-il-piccolo-bogdan-e-portera-anche-il-nome-del-papa-denis-impegnato-al-fronte","status":"publish","type":"post","link":"https:\/\/www.radioluna.it\/news\/2022\/03\/al-goretti-fiocco-ucraino-e-nato-il-piccolo-bogdan-e-portera-anche-il-nome-del-papa-denis-impegnato-al-fronte\/","title":{"rendered":"Al Goretti fiocco ucraino: \u00e8 nato il piccolo Bogdan e porter\u00e0 anche il nome del pap\u00e0 Denis impegnato al fronte"},"content":{"rendered":"<div id=\"fb-root\"><\/div>\n<p style=\"text-align: justify;\"><strong>LATINA &#8211; <\/strong>Anche all&#8217;ospedale Santa Maria Goretti di Latina \u00e8 nato un bambino ucraino. Fiocco azzurro per Bogdan arrivato a Latina ancora nel grembo della sua mamma, giunta 10 giorni fa con altri due bambini di otto e sei anni e accolta da alcuni parenti. Il marito Denis invece \u00e8 impegnato al fronte nel loro Paese e non ha potuto assistere alla nascita del suo terzogenito.<\/p>\n<p style=\"text-align: justify;\">Il piccolo \u00e8 nato con un po\u2019 di anticipo come pu\u00f2 accadere in condizioni di affaticamento e di forte stress, dopo il lungo viaggio. E&#8217; venuto alla luce nel tardo pomeriggio di venerd\u00ec, di 36 settimane e cinque giorni, con un peso di\u00a0 due chili e 700 grammi. Le sue condizioni sono state dichiarate buone e dopo la nascita nel reparto di Ostetricia e Ginecologia assistito dall\u2019equipe composta dai ginecologi Vittorino Rossitto e Patrizia Talone con l\u2019ostetrica Vania Castaldi \u00e8 stato visitato dai neonatologi del Goretti guidati dal professor Riccardo Lubrano.<\/p>\n<p>&#8220;La donna era gi\u00e0 stata vista dalla nostra Uosd Popolazione Migrante, era quindi seguita dai nostri servizi, quando si \u00e8 presentata al pronto soccorso \u00e8 stata ricoverata nell&#8217;imminenza del parto&#8221;, ci ha raccontato il direttore del Goretti e direttore sanitario aziendale facente funzioni, Sergio Parrocchia<\/p>\n<audio class=\"wp-audio-shortcode\" id=\"audio-308614-1\" preload=\"none\" style=\"width: 100%;\" controls=\"controls\"><source type=\"audio\/mpeg\" src=\"https:\/\/www.radioluna.it\/news\/wp-content\/uploads\/2022\/03\/parrocchia.mp3?_=1\" \/><a href=\"https:\/\/www.radioluna.it\/news\/wp-content\/uploads\/2022\/03\/parrocchia.mp3\">https:\/\/www.radioluna.it\/news\/wp-content\/uploads\/2022\/03\/parrocchia.mp3<\/a><\/audio>\n<p style=\"text-align: justify;\">Bogdan sta bene dunque, e la mamma giovane, commossa, ha deciso che porter\u00e0 anche il nome del pap\u00e0: sar\u00e0 Bogdan Denis.<\/p>\n<p style=\"text-align: justify;\">E\u2019 il quinto nato nel Lazio da donne diventate improvvisamente profughe a causa del conflitto.<\/p>\n<div class=\"radio-posizionamento-telefono-in-articoli-dopo-il-contenuto-articolo radio-entity-placement\" id=\"radio-3983121557\"><div id=\"radio-1235626548\"><a href=\"https:\/\/www.simeoneceramiche.com\/\" aria-label=\"SIMEONE CERAMICHE GIF animata per radioluna_Tavola disegno 1 copia 2 (online-video-cutter.com)\"><img loading=\"lazy\" decoding=\"async\" src=\"https:\/\/www.radioluna.it\/news\/wp-content\/uploads\/2025\/05\/SIMEONE-CERAMICHE-GIF-animata-per-radioluna_Tavola-disegno-1-copia-2-online-video-cutter.com_.gif\" alt=\"\"  width=\"300\" height=\"250\"   \/><\/a><\/div><\/div>","protected":false},"excerpt":{"rendered":"<p>LATINA &#8211; Anche all&#8217;ospedale Santa Maria Goretti di Latina \u00e8 nato un bambino ucraino. Fiocco azzurro per Bogdan arrivato a Latina ancora nel grembo della sua mamma, giunta 10 giorni fa con altri due bambini di otto e sei anni e accolta da alcuni parenti. Il marito Denis invece \u00e8 impegnato al fronte nel loro [&hellip;]<\/p>\n","protected":false},"author":62,"featured_media":308615,"comment_status":"open","ping_status":"open","sticky":false,"template":"","format":"standard","meta":{"footnotes":""},"categories":[735,2310],"tags":[],"class_list":["post-308614","post","type-post","status-publish","format-standard","has-post-thumbnail","hentry","category-attualita","category-audio"],"_links":{"self":[{"href":"https:\/\/www.radioluna.it\/news\/wp-json\/wp\/v2\/posts\/308614","targetHints":{"allow":["GET"]}}],"collection":[{"href":"https:\/\/www.radioluna.it\/news\/wp-json\/wp\/v2\/posts"}],"about":[{"href":"https:\/\/www.radioluna.it\/news\/wp-json\/wp\/v2\/types\/post"}],"author":[{"embeddable":true,"href":"https:\/\/www.radioluna.it\/news\/wp-json\/wp\/v2\/users\/62"}],"replies":[{"embeddable":true,"href":"https:\/\/www.radioluna.it\/news\/wp-json\/wp\/v2\/comments?post=308614"}],"version-history":[{"count":0,"href":"https:\/\/www.radioluna.it\/news\/wp-json\/wp\/v2\/posts\/308614\/revisions"}],"wp:featuredmedia":[{"embeddable":true,"href":"https:\/\/www.radioluna.it\/news\/wp-json\/wp\/v2\/media\/308615"}],"wp:attachment":[{"href":"https:\/\/www.radioluna.it\/news\/wp-json\/wp\/v2\/media?parent=308614"}],"wp:term":[{"taxonomy":"category","embeddable":true,"href":"https:\/\/www.radioluna.it\/news\/wp-json\/wp\/v2\/categories?post=308614"},{"taxonomy":"post_tag","embeddable":true,"href":"https:\/\/www.radioluna.it\/news\/wp-json\/wp\/v2\/tags?post=308614"}],"curies":[{"name":"wp","href":"https:\/\/api.w.org\/{rel}","templated":true}]}}