{"id":308621,"date":"2022-03-26T09:21:47","date_gmt":"2022-03-26T08:21:47","guid":{"rendered":"https:\/\/www.radioluna.it\/news\/?p=308621"},"modified":"2022-03-26T09:21:47","modified_gmt":"2022-03-26T08:21:47","slug":"domenica-pedonale-al-lido-di-latina","status":"publish","type":"post","link":"https:\/\/www.radioluna.it\/news\/2022\/03\/domenica-pedonale-al-lido-di-latina\/","title":{"rendered":"Domenica pedonale al Lido di Latina"},"content":{"rendered":"<div id=\"fb-root\"><\/div>\n<p style=\"text-align: justify;\"><strong>LATINA &#8211; <\/strong>In occasione dell\u2019apertura dell\u2019isola pedonale e ciclabile sul tratto sinistro del lungomare, tra Capoportiere e Rio Martino, Latina Bene Comune incontrer\u00e0 i soci, le socie, i cittadini e le cittadine per ribadire l\u2019impegno e la sensibilit\u00e0 sui temi ambientali. L\u2019appuntamento \u00e8 per domenica 27 marzo dalle 9 alle 14 con l&#8217;iniziativa Buona Domenica che si svolge ogni ultima domenica del mese fino ad Aprile e a partire dalle 10 con il gazebo del Movimento civico.<\/p>\n<p style=\"text-align: justify;\">\u201cSaremo l\u00ec, in uno degli angoli pi\u00f9 suggestivi della citt\u00e0, con il nostro gazebo ed una simbolica bicicletta che rappresenta la svolta ecologica che Latina Bene Comune ha voluto imprimere, su Latina, in questi anni\u201d, dice Marino Sabatino, Presidente Vicario di LBC in prima linea circa l\u2019organizzazione dell\u2019evento. \u201cL\u2019obiettivo \u00e8 quello di sensibilizzare tutte e tutti, perch\u00e9 l\u2019ambiente \u00e8 il nostro bene pi\u00f9 prezioso. Noi ne siamo parte ed \u00e8 nostro compito proteggerlo perch\u00e9 \u00e8 la nostra casa, una grande casa comune. Invitiamo la cittadinanza a partecipare numerosa, sar\u00e0 un\u2019occasione per confrontarci e discutere insieme di proposte e soluzioni per migliorare la cura del nostro ambiente\u201d.<\/p>\n<p style=\"text-align: justify;\">\u201cLe emissioni di polvere sottili \u2013 dichiara la Segretaria Elettra Ortu La Barbera \u2013 sono in crescita su tutto il territorio nazionale, l\u2019ultimo report di Legambiente lo certifica. \u00c8 dovere di tutte e tutti fare qualcosa per contrastare questo problema, ed \u00e8 onere della politica attivarsi con idee e politiche. Aumentare i tratti di percorribilit\u00e0 ciclabile e favorire la mobilit\u00e0 dolce, che d\u00e0 benessere ed aiuta a mettersi in connessione con il territorio, \u00e8 fondamentale. Questa \u00e8 la strada che abbiamo intrapreso negli ultimi anni, ed \u00e8 quella che vogliamo continuare a perseguire. L\u2019apertura del tratto tra Capoportiere e Rio Martino va proprio in questo senso\u201d. I lavori in essere, da questo punto di vista, non mancano: \u201cNelle scorse settimane \u00e8 stato dato impulso alla realizzazione di una pista ciclabile che collegher\u00e0 il centro a tre scuole della citt\u00e0 (la scuola Media Corradini, il liceo Grassi e l\u2019istituto Castelnuovo di via Bachelet) e poi alla pista ciclabile di via del Lido. All\u2019interno dei lavori della nuova ciclabile, sono previste anche le somme per la riqualificazione di tutto l\u2019anello ciclabile che a questa nuova infrastruttura \u00e8 collegato. Un altro intervento sar\u00e0 relativo ad una pista ciclabile che collega le autolinee all\u2019ospedale, quindi al polo universitario. Si tratta di un progetto gi\u00e0 finanziato, per il quale andr\u00e0 solamente fatto un bando\u201d.<\/p>\n<p style=\"text-align: justify;\">\u201cL\u2019ambizione che deve muovere LBC, e l\u2019amministrazione, \u00e8 quella di arrivare a collegare tutte le zone della citt\u00e0 attraverso l\u2019ideazione di nuovi percorsi ciclabili. Lo sguardo deve essere volto al futuro. \u2013 conclude Ortu La Barbera &#8211; \u00e8 giusto rilanciare questi buoni propositi che possono rendere Latina, sempre di pi\u00f9, una citt\u00e0 sostenibile\u201d.<\/p>\n<div class=\"radio-posizionamento-telefono-in-articoli-dopo-il-contenuto-articolo radio-entity-placement\" id=\"radio-4262770657\"><div id=\"radio-2025329515\"><a href=\"https:\/\/www.simeoneceramiche.com\/\" aria-label=\"SIMEONE CERAMICHE GIF animata per radioluna_Tavola disegno 1 copia 2 (online-video-cutter.com)\"><img loading=\"lazy\" decoding=\"async\" src=\"https:\/\/www.radioluna.it\/news\/wp-content\/uploads\/2025\/05\/SIMEONE-CERAMICHE-GIF-animata-per-radioluna_Tavola-disegno-1-copia-2-online-video-cutter.com_.gif\" alt=\"\"  width=\"300\" height=\"250\"   \/><\/a><\/div><\/div>","protected":false},"excerpt":{"rendered":"<p>LATINA &#8211; In occasione dell\u2019apertura dell\u2019isola pedonale e ciclabile sul tratto sinistro del lungomare, tra Capoportiere e Rio Martino, Latina Bene Comune incontrer\u00e0 i soci, le socie, i cittadini e le cittadine per ribadire l\u2019impegno e la sensibilit\u00e0 sui temi ambientali. L\u2019appuntamento \u00e8 per domenica 27 marzo dalle 9 alle 14 con l&#8217;iniziativa Buona Domenica [&hellip;]<\/p>\n","protected":false},"author":62,"featured_media":308623,"comment_status":"open","ping_status":"open","sticky":false,"template":"","format":"standard","meta":{"footnotes":""},"categories":[8],"tags":[],"class_list":["post-308621","post","type-post","status-publish","format-standard","has-post-thumbnail","hentry","category-politica"],"_links":{"self":[{"href":"https:\/\/www.radioluna.it\/news\/wp-json\/wp\/v2\/posts\/308621","targetHints":{"allow":["GET"]}}],"collection":[{"href":"https:\/\/www.radioluna.it\/news\/wp-json\/wp\/v2\/posts"}],"about":[{"href":"https:\/\/www.radioluna.it\/news\/wp-json\/wp\/v2\/types\/post"}],"author":[{"embeddable":true,"href":"https:\/\/www.radioluna.it\/news\/wp-json\/wp\/v2\/users\/62"}],"replies":[{"embeddable":true,"href":"https:\/\/www.radioluna.it\/news\/wp-json\/wp\/v2\/comments?post=308621"}],"version-history":[{"count":0,"href":"https:\/\/www.radioluna.it\/news\/wp-json\/wp\/v2\/posts\/308621\/revisions"}],"wp:featuredmedia":[{"embeddable":true,"href":"https:\/\/www.radioluna.it\/news\/wp-json\/wp\/v2\/media\/308623"}],"wp:attachment":[{"href":"https:\/\/www.radioluna.it\/news\/wp-json\/wp\/v2\/media?parent=308621"}],"wp:term":[{"taxonomy":"category","embeddable":true,"href":"https:\/\/www.radioluna.it\/news\/wp-json\/wp\/v2\/categories?post=308621"},{"taxonomy":"post_tag","embeddable":true,"href":"https:\/\/www.radioluna.it\/news\/wp-json\/wp\/v2\/tags?post=308621"}],"curies":[{"name":"wp","href":"https:\/\/api.w.org\/{rel}","templated":true}]}}