{"id":308666,"date":"2022-03-26T13:46:29","date_gmt":"2022-03-26T12:46:29","guid":{"rendered":"https:\/\/www.radioluna.it\/news\/?p=308666"},"modified":"2022-03-26T14:11:02","modified_gmt":"2022-03-26T13:11:02","slug":"coletta-in-radio-per-fare-il-punto-su-accoglienza-ucraina-politica-e-nuovo-ospedale","status":"publish","type":"post","link":"https:\/\/www.radioluna.it\/news\/2022\/03\/coletta-in-radio-per-fare-il-punto-su-accoglienza-ucraina-politica-e-nuovo-ospedale\/","title":{"rendered":"Coletta in radio per fare il punto su accoglienza Ucraina, politica e nuovo ospedale"},"content":{"rendered":"<div id=\"fb-root\"><\/div>\n<p style=\"text-align: justify;\"><strong>LATINA &#8211; <\/strong>&#8220;Dobbiamo distinguere tra solidariet\u00e0 e salvaguardia dei diritti umani. La solidariet\u00e0 \u00e8 bella, ma assicurare la salvaguardia dei diritti umani \u00e8 un nostro dovere&#8221;. Riprendendo e sposando le parole di un collega sindaco, il primo cittadino di Latina Damiano Coletta ha illustrato questa mattina su Radio Immagine come procede l&#8217;accoglienza alla popolazione ucraina sul territorio di Latina.<\/p>\n<p style=\"text-align: justify;\">&#8220;In questo momento abbiamo 140 persone, 40 sono nuclei familiari e in gran parte sono ospiti di parenti, tranne due nuclei che sono stati assegnati a due famiglie ospitanti.\u00a0 Il 90% sono donne e bambini, hanno fatto tutti il tampone, sono stati registrati presso la Questura e ora c&#8217;\u00e8 la gestione del quotidiano, perch\u00e9 in una famiglia dove prima erano in tre o quattro adesso magari sono 10-12. Possono in caso di difficolt\u00e0 segnalare l&#8217;esigenza di beni alimentari e di vestiti e farlo anche sul sito del Comune dove c&#8217;\u00e8 uno spazio dedicato, Emergenza Ucraina. Qui si possono trovare tutte le informazioni che riguardano sia l&#8217;ospitalit\u00e0 che l&#8217;accoglienza.. Per i bambini e i ragazzi ci sono stati i primi inserimenti nelle scuole con l&#8217;ausilio di mediatori culturali e psicologi&#8221;.<\/p>\n<p style=\"text-align: justify;\"><strong>IL PODCAST\u00a0 \u00a0 \u00a0<\/strong><\/p>\n<audio class=\"wp-audio-shortcode\" id=\"audio-308666-1\" preload=\"none\" style=\"width: 100%;\" controls=\"controls\"><source type=\"audio\/mpeg\" src=\"https:\/\/www.radioluna.it\/news\/wp-content\/uploads\/2022\/03\/coletta-26-marzo.mp3?_=1\" \/><a href=\"https:\/\/www.radioluna.it\/news\/wp-content\/uploads\/2022\/03\/coletta-26-marzo.mp3\">https:\/\/www.radioluna.it\/news\/wp-content\/uploads\/2022\/03\/coletta-26-marzo.mp3<\/a><\/audio>\n<p style=\"text-align: justify;\">La visita del sindaco in radio \u00e8 stata anche l&#8217;occasione per parlare del particolare momento politico-amministrativo, in cui continuano a fronteggiarsi\u00a0 la maggioranza programmatica e la minoranza, ferme\u00a0 su percorsi paralleli e dunque destinati, per il momento almeno, a non incontrarsi mai. Come \u00e8 avvenuto con il voto sulla Consulta dei Borghi nell&#8217;ultimo \u00a0Consiglio comunale: &#8220;Ho trovato irrispettoso da parte della minoranza lasciare l&#8217;aula mentre la consigliera Muzio illustrava la sua proposta, e l&#8217;ho trovato irrispettoso anche per i cittadini visto che parlavamo di uno strumento che servir\u00e0 ad avere un maggiore raccordo con i residenti nei borghi. Credo che in un momento come questo noi politici dobbiamo dare il buon esempio&#8221;.<\/p>\n<p style=\"text-align: justify;\">Coletta ieri ha anche visto il Ministro Speranza e ha ricevuto buone notizie sul nuovo ospedale di Latina: &#8220;Questo \u00e8 il momento della quarta fase della certificazione del finanziamento, un finanziamento di 250 milioni da parte del Ministero e a cui si aggiungono altri 60 milioni per l&#8217;efficientamento energetico. Ho ricevuto feedback che ho gi\u00e0 comunicato all&#8217;assessore regionale D&#8217;Amato&#8221;.<\/p>\n<audio class=\"wp-audio-shortcode\" id=\"audio-308666-2\" preload=\"none\" style=\"width: 100%;\" controls=\"controls\"><source type=\"audio\/mpeg\" src=\"https:\/\/www.radioluna.it\/news\/wp-content\/uploads\/2022\/03\/coletta-26-marzo-2.mp3?_=2\" \/><a href=\"https:\/\/www.radioluna.it\/news\/wp-content\/uploads\/2022\/03\/coletta-26-marzo-2.mp3\">https:\/\/www.radioluna.it\/news\/wp-content\/uploads\/2022\/03\/coletta-26-marzo-2.mp3<\/a><\/audio>\n<p>&nbsp;<\/p>\n<div class=\"radio-posizionamento-telefono-in-articoli-dopo-il-contenuto-articolo radio-entity-placement\" id=\"radio-1132004580\"><div id=\"radio-557191946\" style=\"width: 300px;height: 250px;\"><a href=\"https:\/\/www.icarspa.it\/auto\/usate\/latina\/\" aria-label=\"banner aprile icar new life &#8211; auto usate latina\"><img loading=\"lazy\" decoding=\"async\" src=\"https:\/\/www.radioluna.it\/news\/wp-content\/uploads\/2026\/02\/banner-aprile-icar-new-life-auto-usate-latina.gif\" alt=\"\"  width=\"300\" height=\"250\"   \/><\/a><\/div><\/div>","protected":false},"excerpt":{"rendered":"<p>LATINA &#8211; &#8220;Dobbiamo distinguere tra solidariet\u00e0 e salvaguardia dei diritti umani. La solidariet\u00e0 \u00e8 bella, ma assicurare la salvaguardia dei diritti umani \u00e8 un nostro dovere&#8221;. Riprendendo e sposando le parole di un collega sindaco, il primo cittadino di Latina Damiano Coletta ha illustrato questa mattina su Radio Immagine come procede l&#8217;accoglienza alla popolazione ucraina [&hellip;]<\/p>\n","protected":false},"author":62,"featured_media":308667,"comment_status":"open","ping_status":"open","sticky":false,"template":"","format":"standard","meta":{"footnotes":""},"categories":[2310,2403],"tags":[],"class_list":["post-308666","post","type-post","status-publish","format-standard","has-post-thumbnail","hentry","category-audio","category-le-cose-in-comune"],"_links":{"self":[{"href":"https:\/\/www.radioluna.it\/news\/wp-json\/wp\/v2\/posts\/308666","targetHints":{"allow":["GET"]}}],"collection":[{"href":"https:\/\/www.radioluna.it\/news\/wp-json\/wp\/v2\/posts"}],"about":[{"href":"https:\/\/www.radioluna.it\/news\/wp-json\/wp\/v2\/types\/post"}],"author":[{"embeddable":true,"href":"https:\/\/www.radioluna.it\/news\/wp-json\/wp\/v2\/users\/62"}],"replies":[{"embeddable":true,"href":"https:\/\/www.radioluna.it\/news\/wp-json\/wp\/v2\/comments?post=308666"}],"version-history":[{"count":0,"href":"https:\/\/www.radioluna.it\/news\/wp-json\/wp\/v2\/posts\/308666\/revisions"}],"wp:featuredmedia":[{"embeddable":true,"href":"https:\/\/www.radioluna.it\/news\/wp-json\/wp\/v2\/media\/308667"}],"wp:attachment":[{"href":"https:\/\/www.radioluna.it\/news\/wp-json\/wp\/v2\/media?parent=308666"}],"wp:term":[{"taxonomy":"category","embeddable":true,"href":"https:\/\/www.radioluna.it\/news\/wp-json\/wp\/v2\/categories?post=308666"},{"taxonomy":"post_tag","embeddable":true,"href":"https:\/\/www.radioluna.it\/news\/wp-json\/wp\/v2\/tags?post=308666"}],"curies":[{"name":"wp","href":"https:\/\/api.w.org\/{rel}","templated":true}]}}