{"id":308769,"date":"2022-03-28T13:58:35","date_gmt":"2022-03-28T11:58:35","guid":{"rendered":"https:\/\/www.radioluna.it\/news\/?p=308769"},"modified":"2022-03-29T17:10:50","modified_gmt":"2022-03-29T15:10:50","slug":"latina-martedi-29-sciopero-degli-autobus-a-latina","status":"publish","type":"post","link":"https:\/\/www.radioluna.it\/news\/2022\/03\/latina-martedi-29-sciopero-degli-autobus-a-latina\/","title":{"rendered":"Latina, marted\u00ec 29 sciopero degli autobus a Latina"},"content":{"rendered":"<div id=\"fb-root\"><\/div>\n<p><strong>LATINA<\/strong> &#8211; La Csc Mobilit\u00e0 che gestisce il servizio di Trasporto Pubblico a Latina comunica all&#8217;utenza che a causa dello sciopero di 4 ore (dalle ore 9:30 alle ore 13:30) indetto per la giornata di marted\u00ec 29 Marzo 2022 il servizio potr\u00e0 subire forti ripercussioni.<\/p>\n<p>Lo sciopero \u00e8 stato indetto dalla Cisal che ha indetto anche una manifestazione sotto al Comune di Latina, come ci ha spiegato il segretario regionale Renzo Coppini su Radio Immagine<\/p>\n<audio class=\"wp-audio-shortcode\" id=\"audio-308769-1\" preload=\"none\" style=\"width: 100%;\" controls=\"controls\"><source type=\"audio\/mpeg\" src=\"https:\/\/www.radioluna.it\/news\/wp-content\/uploads\/2022\/03\/Sciopero-csc-renzo-coppini-ore-9.mp3?_=1\" \/><a href=\"https:\/\/www.radioluna.it\/news\/wp-content\/uploads\/2022\/03\/Sciopero-csc-renzo-coppini-ore-9.mp3\">https:\/\/www.radioluna.it\/news\/wp-content\/uploads\/2022\/03\/Sciopero-csc-renzo-coppini-ore-9.mp3<\/a><\/audio>\n<p>&nbsp;<\/p>\n<p>&nbsp;<\/p>\n<div class=\"radio-posizionamento-telefono-in-articoli-dopo-il-contenuto-articolo radio-entity-placement\" id=\"radio-697601428\"><div id=\"radio-2685189775\" style=\"width: 300px;height: 250px;\"><a href=\"https:\/\/www.icarspa.it\/auto\/usate\/latina\/\" aria-label=\"banner aprile icar new life &#8211; auto usate latina\"><img loading=\"lazy\" decoding=\"async\" src=\"https:\/\/www.radioluna.it\/news\/wp-content\/uploads\/2026\/02\/banner-aprile-icar-new-life-auto-usate-latina.gif\" alt=\"\"  width=\"300\" height=\"250\"   \/><\/a><\/div><\/div>","protected":false},"excerpt":{"rendered":"<p>LATINA &#8211; La Csc Mobilit\u00e0 che gestisce il servizio di Trasporto Pubblico a Latina comunica all&#8217;utenza che a causa dello sciopero di 4 ore (dalle ore 9:30 alle ore 13:30) indetto per la giornata di marted\u00ec 29 Marzo 2022 il servizio potr\u00e0 subire forti ripercussioni. Lo sciopero \u00e8 stato indetto dalla Cisal che ha indetto [&hellip;]<\/p>\n","protected":false},"author":60,"featured_media":0,"comment_status":"open","ping_status":"open","sticky":false,"template":"","format":"standard","meta":{"footnotes":""},"categories":[2310,7],"tags":[],"class_list":["post-308769","post","type-post","status-publish","format-standard","hentry","category-audio","category-cronaca"],"_links":{"self":[{"href":"https:\/\/www.radioluna.it\/news\/wp-json\/wp\/v2\/posts\/308769","targetHints":{"allow":["GET"]}}],"collection":[{"href":"https:\/\/www.radioluna.it\/news\/wp-json\/wp\/v2\/posts"}],"about":[{"href":"https:\/\/www.radioluna.it\/news\/wp-json\/wp\/v2\/types\/post"}],"author":[{"embeddable":true,"href":"https:\/\/www.radioluna.it\/news\/wp-json\/wp\/v2\/users\/60"}],"replies":[{"embeddable":true,"href":"https:\/\/www.radioluna.it\/news\/wp-json\/wp\/v2\/comments?post=308769"}],"version-history":[{"count":0,"href":"https:\/\/www.radioluna.it\/news\/wp-json\/wp\/v2\/posts\/308769\/revisions"}],"wp:attachment":[{"href":"https:\/\/www.radioluna.it\/news\/wp-json\/wp\/v2\/media?parent=308769"}],"wp:term":[{"taxonomy":"category","embeddable":true,"href":"https:\/\/www.radioluna.it\/news\/wp-json\/wp\/v2\/categories?post=308769"},{"taxonomy":"post_tag","embeddable":true,"href":"https:\/\/www.radioluna.it\/news\/wp-json\/wp\/v2\/tags?post=308769"}],"curies":[{"name":"wp","href":"https:\/\/api.w.org\/{rel}","templated":true}]}}