{"id":308930,"date":"2022-03-31T19:10:10","date_gmt":"2022-03-31T17:10:10","guid":{"rendered":"https:\/\/www.radioluna.it\/news\/?p=308930"},"modified":"2022-03-31T19:10:10","modified_gmt":"2022-03-31T17:10:10","slug":"pasolini-dalle-rogge-alle-dune-secondo-incontro-a-sabaudia","status":"publish","type":"post","link":"https:\/\/www.radioluna.it\/news\/2022\/03\/pasolini-dalle-rogge-alle-dune-secondo-incontro-a-sabaudia\/","title":{"rendered":"Pasolini dalle Rogge alle Dune, secondo incontro a Sabaudia"},"content":{"rendered":"<div id=\"fb-root\"><\/div>\n<p style=\"text-align: justify;\"><strong>SABAUDIA &#8211;<\/strong>\u00a0 L\u2019associazione Sabaudia Culturando, dopo il successo del primo appuntamento svolto il 29 marzo con gli studenti del Liceo Rita Levi Montalcini di Sabaudia, \u00e8 pronta per un secondo appuntamento<br \/>\ndi \u201c<strong>PASOLINI: DALLE ROGGE ALLE DUNE<\/strong>\u201d.<br \/>\nIl ciclo di appuntamenti dedicati al grandissimo artista nel centenario della nascita prosegue\u00a0 <strong>venerd\u00ec 1 aprile con \u201cTal c\u00f2ur di un frut\u201d\u00a0 (alle\u00a0 16) presso il Centro di Documentazione Angiolo Mazzoni.<\/strong><br \/>\n&#8220;Durante l\u2019evento si parler\u00e0 di tradizione culinaria friulana nella famiglia Colussi \u2013 Pasolini, del dialetto friulano e della poetica&#8221;, spiegano dall&#8217;associazione culturale.<\/p>\n<p style=\"text-align: justify;\"><strong>IL PROGRAMMA<\/strong> &#8211; Aprir\u00e0 l\u2019incontro in videocollegamento, <strong>Lavinia Clarotto Sindaca della citt\u00e0 di Casarsa<\/strong>, dove visse a lungo Pier Paolo Pasolini nel periodo della Seconda guerra mondiale e del dopoguerra e dove inizi\u00f2 la sua carriera di insegnante e intellettuale. A seguire il Presidente del Fogol\u00e2r Furlan di Latina Bruno Canciani, Mariarosa Santiloni Segretaria Generale della Fondazione Ippolito e Stanislao Nievo, Maura Locantore dell\u2019Universit\u00e0 de Poitiers, Angelo Favaro dell\u2019Universit\u00e0 degli Studi di Roma \u201cTor Vergata\u201d. Katia Campacci dell\u2019associazione \u201cSabaudia Culturando\u201d legger\u00e0 poesie e alcune lettere del poeta<br \/>\nfriulano.<\/p>\n<p style=\"text-align: justify;\">&#8220;E\u2019 importante nell\u2019anno centenario pasoliniano riportare l\u2019esperienza umana, poetica, artistica al Friuli, alla madre-terra o terra materna di Pier Paolo, per comprendere la poetica dell\u2019Eden perduto. Ed \u00e8 ancora pi\u00f9 significativo che ci\u00f2 avvenga a Sabaudia &#8211; dichiara <strong>Angelo Favaro dell&#8217;Universit\u00e0 degli Studi di Roma \u201cTor Vergata<\/strong>\u201d e nel Comitato Scientifico Pasolini 100.<\/p>\n<p style=\"text-align: justify;\">&#8220;Dalle rogge alle dune, titolo della serie di eventi e manifestazioni che Sabaudia Culturando ha inteso realizzare in occasione del centenario pasoliniano, rappresenta non solo due luoghi cari al Poeta, ma racchiude l\u2019essenza della sua poetica. Le acque delle rogge, metafora della sua prima produzione poetica, sfociano nel mare di Sabaudia, esattamente come avviene con la riscrittura della Nuova giovent\u00f9&#8221;, aggiunge, <strong>Maura Locantore dell&#8217;Universit\u00e0 de Poitiers, Segretaria del Comitato Pasolini 100<\/strong>.<\/p>\n<p style=\"text-align: justify;\">I<strong>l terzo appuntamento si svolger\u00e0 venerd\u00ec 6 maggio con il dibattito e la proiezione del film \u201cAccattone\u201d.<\/strong><\/p>\n","protected":false},"excerpt":{"rendered":"<p>SABAUDIA &#8211;\u00a0 L\u2019associazione Sabaudia Culturando, dopo il successo del primo appuntamento svolto il 29 marzo con gli studenti del Liceo Rita Levi Montalcini di Sabaudia, \u00e8 pronta per un secondo appuntamento di \u201cPASOLINI: DALLE ROGGE ALLE DUNE\u201d. Il ciclo di appuntamenti dedicati al grandissimo artista nel centenario della nascita prosegue\u00a0 venerd\u00ec 1 aprile con \u201cTal [&hellip;]<\/p>\n","protected":false},"author":62,"featured_media":168685,"comment_status":"open","ping_status":"open","sticky":false,"template":"","format":"standard","meta":{"footnotes":""},"categories":[16],"tags":[],"class_list":["post-308930","post","type-post","status-publish","format-standard","has-post-thumbnail","hentry","category-appuntamenti"],"_links":{"self":[{"href":"https:\/\/www.radioluna.it\/news\/wp-json\/wp\/v2\/posts\/308930","targetHints":{"allow":["GET"]}}],"collection":[{"href":"https:\/\/www.radioluna.it\/news\/wp-json\/wp\/v2\/posts"}],"about":[{"href":"https:\/\/www.radioluna.it\/news\/wp-json\/wp\/v2\/types\/post"}],"author":[{"embeddable":true,"href":"https:\/\/www.radioluna.it\/news\/wp-json\/wp\/v2\/users\/62"}],"replies":[{"embeddable":true,"href":"https:\/\/www.radioluna.it\/news\/wp-json\/wp\/v2\/comments?post=308930"}],"version-history":[{"count":0,"href":"https:\/\/www.radioluna.it\/news\/wp-json\/wp\/v2\/posts\/308930\/revisions"}],"wp:featuredmedia":[{"embeddable":true,"href":"https:\/\/www.radioluna.it\/news\/wp-json\/wp\/v2\/media\/168685"}],"wp:attachment":[{"href":"https:\/\/www.radioluna.it\/news\/wp-json\/wp\/v2\/media?parent=308930"}],"wp:term":[{"taxonomy":"category","embeddable":true,"href":"https:\/\/www.radioluna.it\/news\/wp-json\/wp\/v2\/categories?post=308930"},{"taxonomy":"post_tag","embeddable":true,"href":"https:\/\/www.radioluna.it\/news\/wp-json\/wp\/v2\/tags?post=308930"}],"curies":[{"name":"wp","href":"https:\/\/api.w.org\/{rel}","templated":true}]}}