{"id":308992,"date":"2022-04-01T13:03:16","date_gmt":"2022-04-01T11:03:16","guid":{"rendered":"https:\/\/www.radioluna.it\/news\/?p=308992"},"modified":"2022-04-01T13:03:16","modified_gmt":"2022-04-01T11:03:16","slug":"latina-ritrova-vivicitta-la-kermesse-internazionale-targata-uisp-2","status":"publish","type":"post","link":"https:\/\/www.radioluna.it\/news\/2022\/04\/latina-ritrova-vivicitta-la-kermesse-internazionale-targata-uisp-2\/","title":{"rendered":"Latina ritrova Vivicitt\u00e0, la kermesse internazionale targata UISP"},"content":{"rendered":"<div id=\"fb-root\"><\/div>\n<p style=\"text-align: justify;\"><strong>LATINA<\/strong> &#8211; Torna a Latina Vivicitt\u00e0, uno degli eventi simbolo dell&#8217;UISP che si svolge in contemporanea in decine di altre citt\u00e0 italiane ma anche in alcuni istituti penitenziari dello Stivale e perfino in tre diverse localit\u00e0 francesi, Parigi compresa. E&#8217; la 37\u00b0 edizione della kermesse internazionale che quest&#8217;anno \u00e8 anche &#8220;Corsa per la Pace&#8221;. La gara, sviluppata su percorsi compensati di 10 chilometri, nel capoluogo pontino sar\u00e0 abbinata al 23esimo \u201cMemorial Michele Policicchio\u201d, in ricordo di uno dei fondatori del Comitato di Latina. Numerosi atleti di spessore, compresi alcuni vincitori delle scorse edizioni, hanno gi\u00e0 risposto presente e figurano in una start list di assoluto livello.<\/p>\n<p style=\"text-align: justify;\">Il percorso dell&#8217;edizione 2022 \u00e8 stato modificato rispetto al recente passato, al fine di consentire lo svolgimento del \u201cMercatino della Memoria\u201d in piazza del Popolo e di valorizzare zone della citt\u00e0 meno centrali. Alle 9,30, in contemporanea con tutti gli altri Vivicitt\u00e0 italiani, si partir\u00e0 come sempre dal Parco \u201cFalcone e Borsellino\u201d, confermato anche come traguardo finale, e si proseguir\u00e0 lungo due giri da cinque chilometri che si svilupperanno nel quartiere Pantanaccio, lungo via Epitaffio e via dei Volsci. Altro punto forte dell\u2019evento sar\u00e0 la camminata ludico motoria, iniziativa del tutto gratuita organizzata dall\u2019associazione \u201cCammino\u201d presieduta da Pino Ciavolella. Si tratta di un gruppo specializzato in escursionismo e nell\u2019organizzazione di passeggiate adatte a tutti, con le quali si conciliano attivit\u00e0 fisica, socializzazione, cultura e scoperta del territorio.<\/p>\n<p style=\"text-align: justify;\">Subito dopo lo start i partecipanti alla camminata attraverseranno il centro storico e con i racconti e le spiegazioni dell\u2019architetto Giovanni Cassia rivivranno la storia delle piazze e degli edifici di Fondazione, gustando dettagli e curiosit\u00e0 sull\u2019architettura razionalista che caratterizza la citt\u00e0. Ad ognuno dei camminatori sar\u00e0 poi consegnato un gadget in ricordo della giornata. Questa &#8220;Camminata nella Storia&#8221; sar\u00e0 dunque un motivo in pi\u00f9 per partecipare alla festa di domenica, voluta fortemente dall&#8217;Uisp nonostante le difficolt\u00e0 e gli ostacoli incontrati negli ultimi tempi, come evidenziato da\u00a0 Andrea Giansanti, presidente dell&#8217;UISP Comitato Territoriale di Latina APS: &#8220;Il momento storico, nonch\u00e9 la graduale uscita dall&#8217;emergenza Covid-19, ci impongono un ripensamento degli eventi sportivi di massa, a cominciare da quelli a marchio UISP. Ci siamo imposti un&#8217;edizione all&#8217;insegna della sostenibilit\u00e0, a cominciare dal costo di iscrizione fissato a 7 euro. Siamo tornati alle quote di dieci anni fa, nonostante il Comitato nell&#8217;ultimo biennio abbia visto una riduzione delle risorse a un quarto del pre-Covid. Per garantire la massima accessibilit\u00e0 all&#8217;evento, ed in primis l&#8217;assistenza sanitaria e la sicurezza del percorso &#8211; che rappresentano un costo sostanziale &#8211; abbiamo dovuto contenere le voci di spesa relative ai pacchi gara e ai premi per gli assoluti e di categoria, che siamo comunque riusciti ad assicurare grazie al contributo degli sponsor Conad Superstore, Icar Renault, Biolatina e SportOttantacinque. Sappiamo bene che anche loro, nei rispettivi settori di attivit\u00e0, hanno subito le conseguenze della crisi pandemica e dei recenti sviluppi geopolitici, e pertanto li ringraziamo di cuore per esserci rimasti vicini per quanto nelle loro possibilit\u00e0&#8221;.<\/p>\n<p style=\"text-align: justify;\">Tra gli sponsor Icar, la storica Concessionaria auto Renault, Dacia, Peugeot e Volvo di Latina, che sosterr\u00e0 l&#8217;evento per manifestare il sostegno ad attivit\u00e0 valorizzanti per la cittadinanza: \u201cSiamo certi che la cittadinanza partecipi numerosa a questi eventi, ideati ed organizzati da associazioni virtuose per il nostro territorio, facendo sentire il proprio sostegno\u201d, dicono Renzo Calzati e Barbara Donati.<\/p>\n<p>Le iscrizioni a Vivicitt\u00e0 sono aperte fino a venerd\u00ec 1 aprile, per partecipare scrivere a atleticaleggera.latina@uisp.it o inviare un messaggio whatsapp al numero 328.1193101.<\/p>\n","protected":false},"excerpt":{"rendered":"<p>LATINA &#8211; Torna a Latina Vivicitt\u00e0, uno degli eventi simbolo dell&#8217;UISP che si svolge in contemporanea in decine di altre citt\u00e0 italiane ma anche in alcuni istituti penitenziari dello Stivale e perfino in tre diverse localit\u00e0 francesi, Parigi compresa. E&#8217; la 37\u00b0 edizione della kermesse internazionale che quest&#8217;anno \u00e8 anche &#8220;Corsa per la Pace&#8221;. La [&hellip;]<\/p>\n","protected":false},"author":62,"featured_media":308993,"comment_status":"open","ping_status":"open","sticky":false,"template":"","format":"standard","meta":{"footnotes":""},"categories":[17],"tags":[],"class_list":["post-308992","post","type-post","status-publish","format-standard","has-post-thumbnail","hentry","category-sport"],"_links":{"self":[{"href":"https:\/\/www.radioluna.it\/news\/wp-json\/wp\/v2\/posts\/308992","targetHints":{"allow":["GET"]}}],"collection":[{"href":"https:\/\/www.radioluna.it\/news\/wp-json\/wp\/v2\/posts"}],"about":[{"href":"https:\/\/www.radioluna.it\/news\/wp-json\/wp\/v2\/types\/post"}],"author":[{"embeddable":true,"href":"https:\/\/www.radioluna.it\/news\/wp-json\/wp\/v2\/users\/62"}],"replies":[{"embeddable":true,"href":"https:\/\/www.radioluna.it\/news\/wp-json\/wp\/v2\/comments?post=308992"}],"version-history":[{"count":0,"href":"https:\/\/www.radioluna.it\/news\/wp-json\/wp\/v2\/posts\/308992\/revisions"}],"wp:featuredmedia":[{"embeddable":true,"href":"https:\/\/www.radioluna.it\/news\/wp-json\/wp\/v2\/media\/308993"}],"wp:attachment":[{"href":"https:\/\/www.radioluna.it\/news\/wp-json\/wp\/v2\/media?parent=308992"}],"wp:term":[{"taxonomy":"category","embeddable":true,"href":"https:\/\/www.radioluna.it\/news\/wp-json\/wp\/v2\/categories?post=308992"},{"taxonomy":"post_tag","embeddable":true,"href":"https:\/\/www.radioluna.it\/news\/wp-json\/wp\/v2\/tags?post=308992"}],"curies":[{"name":"wp","href":"https:\/\/api.w.org\/{rel}","templated":true}]}}