{"id":309207,"date":"2022-04-04T13:51:59","date_gmt":"2022-04-04T11:51:59","guid":{"rendered":"https:\/\/www.radioluna.it\/news\/?p=309207"},"modified":"2022-04-05T10:11:19","modified_gmt":"2022-04-05T08:11:19","slug":"david-di-donatello-onde-radicali-di-pannone-conquista-la-cinquina","status":"publish","type":"post","link":"https:\/\/www.radioluna.it\/news\/2022\/04\/david-di-donatello-onde-radicali-di-pannone-conquista-la-cinquina\/","title":{"rendered":"David di Donatello, Onde radicali di Pannone conquista la cinquina"},"content":{"rendered":"<div id=\"fb-root\"><\/div>\n<p style=\"text-align: justify;\"><strong>LATINA<\/strong> &#8211; E&#8217; arrivata oggi una ulteriore, bellissima, soddisfazione per il documentario Onde Radicali, da poco proiettato al cinema Corso di Latina, in una giornata dedicata agli ultimi lavori del registra Gianfranco Pannone. Il documentario che racconta un pezzo di storia d&#8217;Italia attraverso la storica Radio Radicale, dopo essere stato selezionato fra i primi 10, \u00e8 ora entrato nella cinquina finalista ai David di Donatello e se la vedr\u00e0 con capolavori del calibro di Ennio firmato dal regista Giuseppe Tornatore o Max pu\u00f2 aspettare di Marco Bellocchio.<\/p>\n<div dir=\"auto\">&#8220;Onde Radicali \u00e8 nella cinquina dei David di Donatello 2022!Grazie di cuore al bel gruppo con cui ho lavorato, in cima a tutti <a class=\"oajrlxb2 g5ia77u1 qu0x051f esr5mh6w e9989ue4 r7d6kgcz rq0escxv nhd2j8a9 nc684nl6 p7hjln8o kvgmc6g5 cxmmr5t8 oygrvhab hcukyx3x jb3vyjys rz4wbd8a qt6c0cv9 a8nywdso i1ao9s8h esuyzwwr f1sip0of lzcic4wl gpro0wi8 q66pz984 b1v8xokw\" tabindex=\"0\" role=\"link\" href=\"https:\/\/www.facebook.com\/mario.mazzaro.5?__cft__[0]=AZUyC829jLE6qWJL-znhHXsI9YGmqm7wieNAqtyVyW2f-Y4xIUIaRhnnaXyhMiN7_7F47wB0UURGIFACD7MZBc2_FWez7cVW2hz45DPKStqdq1_XzbvesxWLA83hqhq_RufNvC1QxLmeqfszamUsv8m0&amp;__tn__=-]K-R\"><span class=\"nc684nl6\">Mario<\/span><\/a> <a class=\"oajrlxb2 g5ia77u1 qu0x051f esr5mh6w e9989ue4 r7d6kgcz rq0escxv nhd2j8a9 nc684nl6 p7hjln8o kvgmc6g5 cxmmr5t8 oygrvhab hcukyx3x jb3vyjys rz4wbd8a qt6c0cv9 a8nywdso i1ao9s8h esuyzwwr f1sip0of lzcic4wl gpro0wi8 q66pz984 b1v8xokw\" tabindex=\"0\" role=\"link\" href=\"https:\/\/www.facebook.com\/mario.mazzarotto?__cft__[0]=AZUyC829jLE6qWJL-znhHXsI9YGmqm7wieNAqtyVyW2f-Y4xIUIaRhnnaXyhMiN7_7F47wB0UURGIFACD7MZBc2_FWez7cVW2hz45DPKStqdq1_XzbvesxWLA83hqhq_RufNvC1QxLmeqfszamUsv8m0&amp;__tn__=-]K-R\"><span class=\"nc684nl6\">Mario Mazzarotto<\/span><\/a> <a class=\"oajrlxb2 g5ia77u1 qu0x051f esr5mh6w e9989ue4 r7d6kgcz rq0escxv nhd2j8a9 nc684nl6 p7hjln8o kvgmc6g5 cxmmr5t8 oygrvhab hcukyx3x jb3vyjys rz4wbd8a qt6c0cv9 a8nywdso i1ao9s8h esuyzwwr f1sip0of lzcic4wl gpro0wi8 q66pz984 b1v8xokw\" tabindex=\"0\" role=\"link\" href=\"https:\/\/www.facebook.com\/marco.dellomo.963?__cft__[0]=AZUyC829jLE6qWJL-znhHXsI9YGmqm7wieNAqtyVyW2f-Y4xIUIaRhnnaXyhMiN7_7F47wB0UURGIFACD7MZBc2_FWez7cVW2hz45DPKStqdq1_XzbvesxWLA83hqhq_RufNvC1QxLmeqfszamUsv8m0&amp;__tn__=-]K-R\"><span class=\"nc684nl6\">Marco Dell&#8217;Omo<\/span><\/a> e <a class=\"oajrlxb2 g5ia77u1 qu0x051f esr5mh6w e9989ue4 r7d6kgcz rq0escxv nhd2j8a9 nc684nl6 p7hjln8o kvgmc6g5 cxmmr5t8 oygrvhab hcukyx3x jb3vyjys rz4wbd8a qt6c0cv9 a8nywdso i1ao9s8h esuyzwwr f1sip0of lzcic4wl gpro0wi8 q66pz984 b1v8xokw\" tabindex=\"0\" role=\"link\" href=\"https:\/\/www.facebook.com\/simodezi?__cft__[0]=AZUyC829jLE6qWJL-znhHXsI9YGmqm7wieNAqtyVyW2f-Y4xIUIaRhnnaXyhMiN7_7F47wB0UURGIFACD7MZBc2_FWez7cVW2hz45DPKStqdq1_XzbvesxWLA83hqhq_RufNvC1QxLmeqfszamUsv8m0&amp;__tn__=-]K-R\"><span class=\"nc684nl6\">Simonetta Dezi<\/span><\/a>, e agli amici e compagni di <a class=\"oajrlxb2 g5ia77u1 qu0x051f esr5mh6w e9989ue4 r7d6kgcz rq0escxv nhd2j8a9 nc684nl6 p7hjln8o kvgmc6g5 cxmmr5t8 oygrvhab hcukyx3x jb3vyjys rz4wbd8a qt6c0cv9 a8nywdso i1ao9s8h esuyzwwr f1sip0of lzcic4wl gpro0wi8 q66pz984 b1v8xokw\" tabindex=\"0\" role=\"link\" href=\"https:\/\/www.facebook.com\/radioradicale\/?__cft__[0]=AZUyC829jLE6qWJL-znhHXsI9YGmqm7wieNAqtyVyW2f-Y4xIUIaRhnnaXyhMiN7_7F47wB0UURGIFACD7MZBc2_FWez7cVW2hz45DPKStqdq1_XzbvesxWLA83hqhq_RufNvC1QxLmeqfszamUsv8m0&amp;__tn__=kK-R\"><span class=\"nc684nl6\">Radio Radicale<\/span><\/a>&#8220;, ha commentato il regista di Latina.<\/div>\n<div dir=\"auto\">\n<p style=\"text-align: justify;\">La cerimonia di consegna dei David, gli oscar italiani, \u00e8 in programma per <strong>marted\u00ec 3 maggio e sar\u00e0 trasmessa <\/strong>dagli studi di Cinecitt\u00e0 in prima serata su\u00a0<strong>Rai 1, <\/strong>\u00a0affidata per la settima volta alla conduzione di\u00a0 <strong>Carlo Conti.<\/strong><\/p>\n<\/div>\n<p>&nbsp;<\/p>\n<div class=\"radio-posizionamento-telefono-in-articoli-dopo-il-contenuto-articolo radio-entity-placement\" id=\"radio-1685996629\"><div id=\"radio-2607254093\"><a href=\"https:\/\/www.simeoneceramiche.com\/\" aria-label=\"SIMEONE CERAMICHE GIF animata per radioluna_Tavola disegno 1 copia 2 (online-video-cutter.com)\"><img loading=\"lazy\" decoding=\"async\" src=\"https:\/\/www.radioluna.it\/news\/wp-content\/uploads\/2025\/05\/SIMEONE-CERAMICHE-GIF-animata-per-radioluna_Tavola-disegno-1-copia-2-online-video-cutter.com_.gif\" alt=\"\"  width=\"300\" height=\"250\"   \/><\/a><\/div><\/div>","protected":false},"excerpt":{"rendered":"<p>LATINA &#8211; E&#8217; arrivata oggi una ulteriore, bellissima, soddisfazione per il documentario Onde Radicali, da poco proiettato al cinema Corso di Latina, in una giornata dedicata agli ultimi lavori del registra Gianfranco Pannone. Il documentario che racconta un pezzo di storia d&#8217;Italia attraverso la storica Radio Radicale, dopo essere stato selezionato fra i primi 10, [&hellip;]<\/p>\n","protected":false},"author":62,"featured_media":252570,"comment_status":"open","ping_status":"open","sticky":false,"template":"","format":"standard","meta":{"footnotes":""},"categories":[15],"tags":[],"class_list":["post-309207","post","type-post","status-publish","format-standard","has-post-thumbnail","hentry","category-cultura"],"_links":{"self":[{"href":"https:\/\/www.radioluna.it\/news\/wp-json\/wp\/v2\/posts\/309207","targetHints":{"allow":["GET"]}}],"collection":[{"href":"https:\/\/www.radioluna.it\/news\/wp-json\/wp\/v2\/posts"}],"about":[{"href":"https:\/\/www.radioluna.it\/news\/wp-json\/wp\/v2\/types\/post"}],"author":[{"embeddable":true,"href":"https:\/\/www.radioluna.it\/news\/wp-json\/wp\/v2\/users\/62"}],"replies":[{"embeddable":true,"href":"https:\/\/www.radioluna.it\/news\/wp-json\/wp\/v2\/comments?post=309207"}],"version-history":[{"count":0,"href":"https:\/\/www.radioluna.it\/news\/wp-json\/wp\/v2\/posts\/309207\/revisions"}],"wp:featuredmedia":[{"embeddable":true,"href":"https:\/\/www.radioluna.it\/news\/wp-json\/wp\/v2\/media\/252570"}],"wp:attachment":[{"href":"https:\/\/www.radioluna.it\/news\/wp-json\/wp\/v2\/media?parent=309207"}],"wp:term":[{"taxonomy":"category","embeddable":true,"href":"https:\/\/www.radioluna.it\/news\/wp-json\/wp\/v2\/categories?post=309207"},{"taxonomy":"post_tag","embeddable":true,"href":"https:\/\/www.radioluna.it\/news\/wp-json\/wp\/v2\/tags?post=309207"}],"curies":[{"name":"wp","href":"https:\/\/api.w.org\/{rel}","templated":true}]}}