{"id":309253,"date":"2022-04-06T06:28:06","date_gmt":"2022-04-06T04:28:06","guid":{"rendered":"https:\/\/www.radioluna.it\/news\/?p=309253"},"modified":"2022-04-07T16:33:07","modified_gmt":"2022-04-07T14:33:07","slug":"sorpresa-a-sabaudia-i-lupi-nel-parco-nazionale-del-circeo-sono-diventati-quattro","status":"publish","type":"post","link":"https:\/\/www.radioluna.it\/news\/2022\/04\/sorpresa-a-sabaudia-i-lupi-nel-parco-nazionale-del-circeo-sono-diventati-quattro\/","title":{"rendered":"Sorpresa a Sabaudia, i lupi nel Parco nazionale del Circeo sono diventati quattro"},"content":{"rendered":"<div id=\"fb-root\"><\/div>\n<div style=\"width: 640px;\" class=\"wp-video\"><video class=\"wp-video-shortcode\" id=\"video-309253-1\" width=\"640\" height=\"352\" preload=\"metadata\" controls=\"controls\"><source type=\"video\/mp4\" src=\"https:\/\/www.radioluna.it\/news\/wp-content\/uploads\/2022\/04\/WhatsApp-Video-2022-04-03-at-08.12.42-1.mp4?_=1\" \/><a href=\"https:\/\/www.radioluna.it\/news\/wp-content\/uploads\/2022\/04\/WhatsApp-Video-2022-04-03-at-08.12.42-1.mp4\">https:\/\/www.radioluna.it\/news\/wp-content\/uploads\/2022\/04\/WhatsApp-Video-2022-04-03-at-08.12.42-1.mp4<\/a><\/video><\/div>\n<p style=\"text-align: justify;\"><strong>SABAUDIA<\/strong> &#8211; Da lupo solitario a famigliola che sembra essersi ambientata piuttosto bene. Le immagini riprese da una telecamera che si trova a Sabaudia, in una zona confinante con Foresta del Parco Nazionale del Circeo, lasciano pochi dubbi sul fatto che l&#8217; esemplare apparso per la prima volta l&#8217;anno scorso,\u00a0 immortalato da una fototrappola nell\u2019ambito del progetto di monitoraggio nazionale sui lupi condotto dall\u2019Ispra, si sia riprodotto lontano dalle sue abituali zone. Nelle immagini che pubblichiamo, infatti, se ne contano quattro. &#8220;Lo scorso anno erano un maschio e una femmina ed \u00e8 possibile che abbiano figliato. I tempi sono compatibili, ma le nostre fototrappole non li hanno ripresi e la verit\u00e0 \u00e8 che non sappiamo nulla di questi lupi&#8221;, dice Ester Del Bove, direttrice facente funzioni del Parco del Circeo, da molti anni responsabile dell&#8217;Ufficio Biodiversit\u00e0 dell&#8217;Ente.<\/p>\n<p style=\"text-align: justify;\">Eppure, il nuovo avvistamento, avvenuto a distanza di un anno dal primo, non \u00e8 stato esattamente una sorpresa per i residenti, semmai una stupefacente conferma a racconti riportati da molti abituali frequentatori del Parco, che hanno visto il branco\u00a0 &#8211; assicurano &#8211;\u00a0 anche intorno al Lago di Monaci, in un perimetro ampio che va da Sabaudia fino al confine con Latina. Del resto \u00abil lupo sta tornando ad occupare molte delle zone da cui era scomparso a causa della persecuzione diretta da parte dell\u2019uomo\u00bb avevano confermato un anno fa dall&#8217;Ispra.<\/p>\n<p style=\"text-align: justify;\">A preoccupare gli esperti in effetti non sono i lupi, ma l&#8217;atteggiamento dell&#8217;uomo che poco conosce il mondo degli animali selvatici e il loro stare in natura. &#8220;Sappiamo che il video gira, ma non abbiamo informazioni oggettive su questi lupi, n\u00e9 al momento ci sono segnalazioni di incursioni cruente fuori dai confini del parco &#8211; aggiunge la Del Bove &#8211;\u00a0 Sono notizie che creano confusione, si va da \u201coh che bello il lupo\u201d a\u00a0 \u201cal lupo al lupo\u201d. Per noi, oggi, il vero problema \u00e8 il rischio di ibridazioni, il rischio che si accoppino con i cani e disperdano il genoma\u00bb.<\/p>\n<p style=\"text-align: justify;\">Sembra abbastanza evidente, per\u00f2 che almeno per il momento i lupi hanno trovato un ambiente adatto alla loro sopravvivenza e alla loro riproduzione. E hanno evidentemente trovato anche cibo in abbondanza proprio nella foresta dove i daini si sono moltiplicati in maniera incontrollata per anni, fino a diventare un pericolo grave per l&#8217;ecosistema.<\/p>\n","protected":false},"excerpt":{"rendered":"<p>SABAUDIA &#8211; Da lupo solitario a famigliola che sembra essersi ambientata piuttosto bene. Le immagini riprese da una telecamera che si trova a Sabaudia, in una zona confinante con Foresta del Parco Nazionale del Circeo, lasciano pochi dubbi sul fatto che l&#8217; esemplare apparso per la prima volta l&#8217;anno scorso,\u00a0 immortalato da una fototrappola nell\u2019ambito [&hellip;]<\/p>\n","protected":false},"author":62,"featured_media":309261,"comment_status":"open","ping_status":"open","sticky":false,"template":"","format":"video","meta":{"footnotes":""},"categories":[12],"tags":[],"class_list":["post-309253","post","type-post","status-publish","format-video","has-post-thumbnail","hentry","category-ambiente","post_format-post-format-video"],"_links":{"self":[{"href":"https:\/\/www.radioluna.it\/news\/wp-json\/wp\/v2\/posts\/309253","targetHints":{"allow":["GET"]}}],"collection":[{"href":"https:\/\/www.radioluna.it\/news\/wp-json\/wp\/v2\/posts"}],"about":[{"href":"https:\/\/www.radioluna.it\/news\/wp-json\/wp\/v2\/types\/post"}],"author":[{"embeddable":true,"href":"https:\/\/www.radioluna.it\/news\/wp-json\/wp\/v2\/users\/62"}],"replies":[{"embeddable":true,"href":"https:\/\/www.radioluna.it\/news\/wp-json\/wp\/v2\/comments?post=309253"}],"version-history":[{"count":0,"href":"https:\/\/www.radioluna.it\/news\/wp-json\/wp\/v2\/posts\/309253\/revisions"}],"wp:featuredmedia":[{"embeddable":true,"href":"https:\/\/www.radioluna.it\/news\/wp-json\/wp\/v2\/media\/309261"}],"wp:attachment":[{"href":"https:\/\/www.radioluna.it\/news\/wp-json\/wp\/v2\/media?parent=309253"}],"wp:term":[{"taxonomy":"category","embeddable":true,"href":"https:\/\/www.radioluna.it\/news\/wp-json\/wp\/v2\/categories?post=309253"},{"taxonomy":"post_tag","embeddable":true,"href":"https:\/\/www.radioluna.it\/news\/wp-json\/wp\/v2\/tags?post=309253"}],"curies":[{"name":"wp","href":"https:\/\/api.w.org\/{rel}","templated":true}]}}