{"id":309304,"date":"2022-04-06T13:25:29","date_gmt":"2022-04-06T11:25:29","guid":{"rendered":"https:\/\/www.radioluna.it\/news\/?p=309304"},"modified":"2022-04-06T13:25:29","modified_gmt":"2022-04-06T11:25:29","slug":"latina-bene-comune-apre-un-ciclo-di-incontri-ortu-la-barbera-avviare-discorso-aperto-e-plurale","status":"publish","type":"post","link":"https:\/\/www.radioluna.it\/news\/2022\/04\/latina-bene-comune-apre-un-ciclo-di-incontri-ortu-la-barbera-avviare-discorso-aperto-e-plurale\/","title":{"rendered":"Latina Bene Comune apre un ciclo di incontri,  Ortu La Barbera: \u201cAvviare discorso aperto e plurale\u201d"},"content":{"rendered":"<div id=\"fb-root\"><\/div>\n<p style=\"text-align: justify;\"><strong>LATINA &#8211;<\/strong> Latina Bene Comune inaugura un ciclo di incontri, aperti al pubblico, pensati con l&#8217;obiettivo di avviare un dibattito plurale intorno ad alcune tematiche legate ai valori del Movimento civico: gli spazi, il ruolo delle donne all\u2019interno della comunit\u00e0, la scuola.<\/p>\n<p style=\"text-align: justify;\">\u201cL\u2019intento \u2013 spiega la segretaria Elettra Ortu La Barbera \u2013 \u00e8 avviare un dibattito che tenga conto, alla base, di alcune idee fondamentali: l\u2019accessibilit\u00e0, indipendentemente dalle capacit\u00e0 sensoriali e motorie, di tutte e tutti ai luoghi della citt\u00e0; l\u2019equit\u00e0, soprattutto di genere, affinch\u00e9 la cittadinanza tutta possa essere coinvolta in una nuova visione di aggregazione sociale; la sostenibilit\u00e0 affinch\u00e9 ci si possa dotare di strutture di mobilit\u00e0 efficienti, ed a basso impatto ambientale, che consenta il raggiungimento ai luoghi di aggregazione a chiunque. Indipendentemente da dove si abita, che sia centro o periferia. Questo appuntamento \u2013 conclude la Segretaria di Latina Bene Comune \u2013 vuole essere solamente il primo di un ciclo profondo ed articolato. Con la fine dello stato di emergenza \u00e8 arrivato il momento di riportare il dibattito nei luoghi fisici della citt\u00e0. Un dibattito che deve essere aperto e plurale\u201d.<\/p>\n<p style=\"text-align: justify;\">Si inizia venerd\u00ec 8 aprile con l\u2019evento \u2018Luoghi di aggregazione \u2013 Spazi per la socialit\u00e0 e la Cultura a Latina\u2019. L\u2019incontro si terr\u00e0 alle ore 18 presso il MUG di via Oberdan e vedr\u00e0 tra i relatori, Giuseppe Panico, membro del Consiglio Generale di LBC, coordinatore dei Forum ed in prima linea circa l\u2019organizzazione dell\u2019evento. \u201cGli spazi della citt\u00e0 \u2013 spiega Panico &#8211; anche quelli dei borghi, vanno trasformati da non luoghi a luoghi di socialit\u00e0 per tutti dove poter condividere con altri ed altre esperienze ed attivit\u00e0. \u00c8 l\u2019incontro tra persone a rendere belli e vivibili gli ambienti\u201d. Interverranno anche altri soci e socie del Movimento: Emanuele Di Russo, Francesca Suale e Patrizio Porcelli e Ferdinando Cedrone, Presidente dell&#8217;associazione Quartieri Connessi, che rappresenter\u00e0 la realt\u00e0 delle zone urbanizzate pi\u00f9 periferiche come gli ex quartieri Q4 e Q5.<\/p>\n<p style=\"text-align: justify;\">Sar\u00e0 Emilio Ranieri, Consigliere di LBC e Presidente della Commissione Urbanistica a tratteggiare un\u2019idea di quale potr\u00e0 essere il futuro della socialit\u00e0 latinense mentre la Capogruppo Valeria Campagna toccher\u00e0 il tema degli spazi aggregativi per i ragazzi e le ragazze della citt\u00e0. \u201cTra gli argomenti\u00a0 \u2013 aggiungono i due Consiglieri \u2013 ci sar\u00e0 anche quello del teatro. Per il quale \u00e8 arrivato il momento, in vista della imminente riapertura, di avviare un discorso aperto e condiviso, con la cittadinanza e con le forze politiche. L&#8217;obiettivo \u00e8 trovare la miglior forma di gestione possibile che ci consenta di restituire il teatro alla citt\u00e0, nel totale e unico interesse della collettivit\u00e0\u201d.<\/p>\n<p>In chiusura parler\u00e0 il sindaco Damiano Coletta.<\/p>\n<p>Per accedere bisogner\u00e0 esibire il Green Pass rafforzato ed essere muniti di mascherina ffp2.<\/p>\n","protected":false},"excerpt":{"rendered":"<p>LATINA &#8211; Latina Bene Comune inaugura un ciclo di incontri, aperti al pubblico, pensati con l&#8217;obiettivo di avviare un dibattito plurale intorno ad alcune tematiche legate ai valori del Movimento civico: gli spazi, il ruolo delle donne all\u2019interno della comunit\u00e0, la scuola. \u201cL\u2019intento \u2013 spiega la segretaria Elettra Ortu La Barbera \u2013 \u00e8 avviare un [&hellip;]<\/p>\n","protected":false},"author":62,"featured_media":292693,"comment_status":"open","ping_status":"open","sticky":false,"template":"","format":"standard","meta":{"footnotes":""},"categories":[8],"tags":[],"class_list":["post-309304","post","type-post","status-publish","format-standard","has-post-thumbnail","hentry","category-politica"],"_links":{"self":[{"href":"https:\/\/www.radioluna.it\/news\/wp-json\/wp\/v2\/posts\/309304","targetHints":{"allow":["GET"]}}],"collection":[{"href":"https:\/\/www.radioluna.it\/news\/wp-json\/wp\/v2\/posts"}],"about":[{"href":"https:\/\/www.radioluna.it\/news\/wp-json\/wp\/v2\/types\/post"}],"author":[{"embeddable":true,"href":"https:\/\/www.radioluna.it\/news\/wp-json\/wp\/v2\/users\/62"}],"replies":[{"embeddable":true,"href":"https:\/\/www.radioluna.it\/news\/wp-json\/wp\/v2\/comments?post=309304"}],"version-history":[{"count":0,"href":"https:\/\/www.radioluna.it\/news\/wp-json\/wp\/v2\/posts\/309304\/revisions"}],"wp:featuredmedia":[{"embeddable":true,"href":"https:\/\/www.radioluna.it\/news\/wp-json\/wp\/v2\/media\/292693"}],"wp:attachment":[{"href":"https:\/\/www.radioluna.it\/news\/wp-json\/wp\/v2\/media?parent=309304"}],"wp:term":[{"taxonomy":"category","embeddable":true,"href":"https:\/\/www.radioluna.it\/news\/wp-json\/wp\/v2\/categories?post=309304"},{"taxonomy":"post_tag","embeddable":true,"href":"https:\/\/www.radioluna.it\/news\/wp-json\/wp\/v2\/tags?post=309304"}],"curies":[{"name":"wp","href":"https:\/\/api.w.org\/{rel}","templated":true}]}}