{"id":309507,"date":"2022-04-09T13:35:40","date_gmt":"2022-04-09T11:35:40","guid":{"rendered":"https:\/\/www.radioluna.it\/news\/?p=309507"},"modified":"2022-04-10T20:36:37","modified_gmt":"2022-04-10T18:36:37","slug":"latina-rapina-una-donna-con-il-passeggino-e-ferisce-il-marito-arrestato","status":"publish","type":"post","link":"https:\/\/www.radioluna.it\/news\/2022\/04\/latina-rapina-una-donna-con-il-passeggino-e-ferisce-il-marito-arrestato\/","title":{"rendered":"Latina, rapina una donna con il passeggino e i figli piccoli, poi ferisce il marito: arrestato"},"content":{"rendered":"<div id=\"fb-root\"><\/div>\n<p style=\"text-align: justify;\"><strong>LATINA<\/strong> &#8211; Camminava a piedi con le borse della spesa attaccate al passeggino e tre figli piccoli, un uomo l&#8217;ha notata e ha deciso che rapinarla non sarebbe stato un problema,\u00a0 cos\u00ec l&#8217;ha aggredita alle spalle. E&#8217; accaduto a Latina nel tardo pomeriggio di ieri, la donna si \u00e8 sentita tirare forte la collana in oro che portava al collo e istintivamente si \u00e8 divincolata, ma nel farlo \u00e8 caduta a terra. Allora l\u2019aggressore ha deciso di prenderle il cellulare che era a portata di mano e poi si \u00e8 dato alla fuga, rincorso dalla signora che nel frattempo si era rialzata.<\/p>\n<p style=\"text-align: justify;\">\u00c8 a questo punto che \u00e8 sopraggiunto il marito della vittima che ha ingaggiato una colluttazione con il rapinatore e quest&#8217;ultimo ha estratto un coltello a serramanico e ha sferrato alcuni fendenti al suo avversario,\u00a0 lacerandogli la giacca e ferendolo a un dito, per poi proseguire la sua fuga. E&#8217; scattato l&#8217;allarme al Numero Unico per le Emergenze 112, e sul posto sono intervenuti i poliziotti della Squadra Volante che hanno immediatamente prestato assistenza alla coppia aggredita per poi mettersi alla ricerca del rapinatore rintracciato poco dopo all\u2019interno del sito ex SVAR dove \u00e8 stato trovato anche il coltello.<\/p>\n<p style=\"text-align: justify;\">L&#8217;uomo \u00e8 stato arrestato con l&#8217;accusa di rapina aggravata e lesioni personali aggravate.<\/p>\n<div class=\"radio-posizionamento-telefono-in-articoli-dopo-il-contenuto-articolo radio-entity-placement\" id=\"radio-2453493026\"><div id=\"radio-2548902197\" style=\"width: 300px;height: 250px;\"><a href=\"https:\/\/www.icarspa.it\/auto\/usate\/latina\/\" aria-label=\"banner aprile icar new life &#8211; auto usate latina\"><img loading=\"lazy\" decoding=\"async\" src=\"https:\/\/www.radioluna.it\/news\/wp-content\/uploads\/2026\/02\/banner-aprile-icar-new-life-auto-usate-latina.gif\" alt=\"\"  width=\"300\" height=\"250\"   \/><\/a><\/div><\/div>","protected":false},"excerpt":{"rendered":"<p>LATINA &#8211; Camminava a piedi con le borse della spesa attaccate al passeggino e tre figli piccoli, un uomo l&#8217;ha notata e ha deciso che rapinarla non sarebbe stato un problema,\u00a0 cos\u00ec l&#8217;ha aggredita alle spalle. E&#8217; accaduto a Latina nel tardo pomeriggio di ieri, la donna si \u00e8 sentita tirare forte la collana in [&hellip;]<\/p>\n","protected":false},"author":62,"featured_media":250250,"comment_status":"open","ping_status":"open","sticky":false,"template":"","format":"standard","meta":{"footnotes":""},"categories":[7],"tags":[],"class_list":["post-309507","post","type-post","status-publish","format-standard","has-post-thumbnail","hentry","category-cronaca"],"_links":{"self":[{"href":"https:\/\/www.radioluna.it\/news\/wp-json\/wp\/v2\/posts\/309507","targetHints":{"allow":["GET"]}}],"collection":[{"href":"https:\/\/www.radioluna.it\/news\/wp-json\/wp\/v2\/posts"}],"about":[{"href":"https:\/\/www.radioluna.it\/news\/wp-json\/wp\/v2\/types\/post"}],"author":[{"embeddable":true,"href":"https:\/\/www.radioluna.it\/news\/wp-json\/wp\/v2\/users\/62"}],"replies":[{"embeddable":true,"href":"https:\/\/www.radioluna.it\/news\/wp-json\/wp\/v2\/comments?post=309507"}],"version-history":[{"count":0,"href":"https:\/\/www.radioluna.it\/news\/wp-json\/wp\/v2\/posts\/309507\/revisions"}],"wp:featuredmedia":[{"embeddable":true,"href":"https:\/\/www.radioluna.it\/news\/wp-json\/wp\/v2\/media\/250250"}],"wp:attachment":[{"href":"https:\/\/www.radioluna.it\/news\/wp-json\/wp\/v2\/media?parent=309507"}],"wp:term":[{"taxonomy":"category","embeddable":true,"href":"https:\/\/www.radioluna.it\/news\/wp-json\/wp\/v2\/categories?post=309507"},{"taxonomy":"post_tag","embeddable":true,"href":"https:\/\/www.radioluna.it\/news\/wp-json\/wp\/v2\/tags?post=309507"}],"curies":[{"name":"wp","href":"https:\/\/api.w.org\/{rel}","templated":true}]}}