{"id":309897,"date":"2022-04-15T09:24:23","date_gmt":"2022-04-15T07:24:23","guid":{"rendered":"https:\/\/www.radioluna.it\/news\/?p=309897"},"modified":"2022-04-16T08:12:06","modified_gmt":"2022-04-16T06:12:06","slug":"morto-sul-campo-da-basket-gli-amici-di-moses-lo-ricordano","status":"publish","type":"post","link":"https:\/\/www.radioluna.it\/news\/2022\/04\/morto-sul-campo-da-basket-gli-amici-di-moses-lo-ricordano\/","title":{"rendered":"Morto sul campo da basket, gli amici di Moses lo ricordano"},"content":{"rendered":"<div id=\"fb-root\"><\/div>\n<p style=\"text-align: justify;\"><strong>CISTERNA<\/strong> &#8211; A poco pi\u00f9 di un mese dalla sua improvvisa scomparsa, gli amici di Cisterna hanno ricordato Moses Kamar\u00e0, lo studente diciasettenne stroncato da un infarto mentre giocava a basket. Il comitato spontaneo Amici di Moses, in collaborazione con il Comune e l\u2019azienda Cisterna Ambiente, hanno raggiunto il campo da gioco dove spesso si allenava, nell&#8217;area vicina all\u2019istituto Plinio che, in attesa di essere recuperati e riqualificati attraverso i fondi del PNRR, sono interdetti al pubblico, e li hanno ripuliti.<\/p>\n<p style=\"text-align: justify;\">Nei giorni scorsi sono stati messi in sicurezza i locali un tempo adibiti a spogliatoio, e cos\u00ec gli Amici di Moses, con l\u2019assistenza degli operatori della Cisterna Ambiente, e la partecipazione di alcuni amministratori, hanno rimosso alcuni rifiuti e vegetazione presente nell\u2019area dove sono stati esposti degli striscioni in ricordo del giovane scomparso.<\/p>\n<p style=\"text-align: justify;\">\u201cAbbiamo accolto con favore, seppur in maniera straordinaria essendo l\u2019area interdetta \u2013 spiegano gli assessori Michela Mariottini (delegata all\u2019Infanzia), Emanuela Pagnanelli (delegata alla Scuola), Andrea Santilli (delegato al decoro urbano) e il consigliere Piero Paliani \u2013 l\u2019invito del comitato spontaneo per ricordare il loro amico Moses. La sua improvvisa scomparsa, proprio mentre praticava il suo sport preferito, ha toccato molto la nostra comunit\u00e0 e l\u2019amministrazione. \u00c8 ferma volont\u00e0 restituire questo spazio ai nostri giovani e confidiamo nei fondi del PNRR per poterlo realizzare al pi\u00f9 presto\u201d.<\/p>\n<p style=\"text-align: justify;\">\n","protected":false},"excerpt":{"rendered":"<p>CISTERNA &#8211; A poco pi\u00f9 di un mese dalla sua improvvisa scomparsa, gli amici di Cisterna hanno ricordato Moses Kamar\u00e0, lo studente diciasettenne stroncato da un infarto mentre giocava a basket. Il comitato spontaneo Amici di Moses, in collaborazione con il Comune e l\u2019azienda Cisterna Ambiente, hanno raggiunto il campo da gioco dove spesso si [&hellip;]<\/p>\n","protected":false},"author":62,"featured_media":309898,"comment_status":"open","ping_status":"open","sticky":false,"template":"","format":"standard","meta":{"footnotes":""},"categories":[735],"tags":[],"class_list":["post-309897","post","type-post","status-publish","format-standard","has-post-thumbnail","hentry","category-attualita"],"_links":{"self":[{"href":"https:\/\/www.radioluna.it\/news\/wp-json\/wp\/v2\/posts\/309897","targetHints":{"allow":["GET"]}}],"collection":[{"href":"https:\/\/www.radioluna.it\/news\/wp-json\/wp\/v2\/posts"}],"about":[{"href":"https:\/\/www.radioluna.it\/news\/wp-json\/wp\/v2\/types\/post"}],"author":[{"embeddable":true,"href":"https:\/\/www.radioluna.it\/news\/wp-json\/wp\/v2\/users\/62"}],"replies":[{"embeddable":true,"href":"https:\/\/www.radioluna.it\/news\/wp-json\/wp\/v2\/comments?post=309897"}],"version-history":[{"count":0,"href":"https:\/\/www.radioluna.it\/news\/wp-json\/wp\/v2\/posts\/309897\/revisions"}],"wp:featuredmedia":[{"embeddable":true,"href":"https:\/\/www.radioluna.it\/news\/wp-json\/wp\/v2\/media\/309898"}],"wp:attachment":[{"href":"https:\/\/www.radioluna.it\/news\/wp-json\/wp\/v2\/media?parent=309897"}],"wp:term":[{"taxonomy":"category","embeddable":true,"href":"https:\/\/www.radioluna.it\/news\/wp-json\/wp\/v2\/categories?post=309897"},{"taxonomy":"post_tag","embeddable":true,"href":"https:\/\/www.radioluna.it\/news\/wp-json\/wp\/v2\/tags?post=309897"}],"curies":[{"name":"wp","href":"https:\/\/api.w.org\/{rel}","templated":true}]}}