{"id":310392,"date":"2022-04-28T14:48:48","date_gmt":"2022-04-28T12:48:48","guid":{"rendered":"https:\/\/www.radioluna.it\/news\/?p=310392"},"modified":"2022-05-02T18:01:30","modified_gmt":"2022-05-02T16:01:30","slug":"a-sabaudia-il-teatro-delle-fiamme-gialle-diventa-filippo-mondelli","status":"publish","type":"post","link":"https:\/\/www.radioluna.it\/news\/2022\/04\/a-sabaudia-il-teatro-delle-fiamme-gialle-diventa-filippo-mondelli\/","title":{"rendered":"A Sabaudia il teatro delle Fiamme Gialle diventa &#8220;Filippo Mondelli&#8221;"},"content":{"rendered":"<div id=\"fb-root\"><\/div>\n<p>(<em>la foto di Filippo Mondelli e tratta da<a href=\"http:\/\/www.canottaggio.org\/\"> canottaggio.org<\/a>)<\/em><\/p>\n<p style=\"text-align: justify;\"><strong>SABAUDIA<\/strong> &#8211; A un anno dalla prematura scomparsa del campione del mondo di canottaggio Filippo Mondelli, canottiere delle Fiamme Gialle e membro del Consiglio Nazionale CONI, domani 29 aprile, alle 11,\u00a0 verr\u00e0 intitolato all&#8217;atleta il Teatro Fiamme Gialle di Sabaudia. La struttura , che si trova vicino la caserma del III Nucleo Atleti, era diventata la seconda casa di Filippo da quando, l\u20198 maggio 2018, entr\u00f2 a far parte della Guardia di Finanza.<\/p>\n<p style=\"text-align: justify;\">Alla cerimonia saranno presenti i familiari e li amici della famiglia Mondelli, numerose autorit\u00e0 sportive, la vice presidente vicaria del CONI Silvia Salis e il presidente della Federazione Italiana Canottaggio Giuseppe Abbagnale, le autorit\u00e0 civili e militari, il Prefetto di Latina Maurizio Falco e il Generale Ispettore della Guardia di Finanza Sebastiano Galdino.<\/p>\n<p style=\"text-align: justify;\"><strong>L&#8217;EVENTO BENEFICO<\/strong> &#8211; Per ricordare l&#8217;indimenticato campione scomparso giovanissimo per un tumore, \u00e8 anche in corso di svolgimento in questi giorni la \u201cChallenge Filippo Mondelli\u201d, gara promozionale di indoor rowing, organizzata dalle Fiamme Gialle insieme alla Beat It Indoor Rowing Onlus, con il patrocinio della Federazione Italiana Canottaggio e l\u2019ausilio di Concept 2 Italia, proprio con lo scopo di raccogliere fondi da destinare alla lotta contro il cancro e devolvere il ricavato all\u2019Istituto Ortopedico Rizzoli di Bologna, l&#8217;ospedale che segu\u00ec Filippo nella malattia.<\/p>\n<p style=\"text-align: justify;\"><strong>CANOTTIERI DA TUTTO IL MONDO<\/strong> &#8211; &#8220;Sono 604 gli iscritti da tutta Italia e da diverse parti del mondo che in questi giorni stanno gareggiando sulla distanza di 500 metri. Grazie all\u2019interessamento di World Rowing, la Federazione internazionale di canottaggio, alcuni iscritti all\u2019evento benefico provengono da Usa, Canada, Francia, Gran Bretagna, Svizzera Germania e addirittura dalla Namibia e dall\u2019isola caraibica di Antigua e Bermuda &#8211; dicono dal Nucleo Atleti delle Fiamme Gialle in una nota &#8211; Per quanto riguarda l\u2019Italia, le Fiamme Gialle con 101 iscritti \u00e8 la societ\u00e0 con pi\u00f9 partecipanti, seguita dalla Canottieri Moltrasio con 82, dal Circolo Canottieri Aniene con 81 e dalla Canottieri Cernobbio con 70 partecipanti&#8221;.<\/p>\n<p>&nbsp;<\/p>\n<div class=\"radio-posizionamento-telefono-in-articoli-dopo-il-contenuto-articolo radio-entity-placement\" id=\"radio-1532253782\"><div id=\"radio-934064209\" style=\"width: 300px;height: 250px;\"><a href=\"https:\/\/www.icarspa.it\/auto\/usate\/latina\/\" aria-label=\"banner aprile icar new life &#8211; auto usate latina\"><img loading=\"lazy\" decoding=\"async\" src=\"https:\/\/www.radioluna.it\/news\/wp-content\/uploads\/2026\/02\/banner-aprile-icar-new-life-auto-usate-latina.gif\" alt=\"\"  width=\"300\" height=\"250\"   \/><\/a><\/div><\/div>","protected":false},"excerpt":{"rendered":"<p>(la foto di Filippo Mondelli e tratta da canottaggio.org) SABAUDIA &#8211; A un anno dalla prematura scomparsa del campione del mondo di canottaggio Filippo Mondelli, canottiere delle Fiamme Gialle e membro del Consiglio Nazionale CONI, domani 29 aprile, alle 11,\u00a0 verr\u00e0 intitolato all&#8217;atleta il Teatro Fiamme Gialle di Sabaudia. La struttura , che si trova [&hellip;]<\/p>\n","protected":false},"author":62,"featured_media":310393,"comment_status":"open","ping_status":"open","sticky":false,"template":"","format":"standard","meta":{"footnotes":""},"categories":[17],"tags":[],"class_list":["post-310392","post","type-post","status-publish","format-standard","has-post-thumbnail","hentry","category-sport"],"_links":{"self":[{"href":"https:\/\/www.radioluna.it\/news\/wp-json\/wp\/v2\/posts\/310392","targetHints":{"allow":["GET"]}}],"collection":[{"href":"https:\/\/www.radioluna.it\/news\/wp-json\/wp\/v2\/posts"}],"about":[{"href":"https:\/\/www.radioluna.it\/news\/wp-json\/wp\/v2\/types\/post"}],"author":[{"embeddable":true,"href":"https:\/\/www.radioluna.it\/news\/wp-json\/wp\/v2\/users\/62"}],"replies":[{"embeddable":true,"href":"https:\/\/www.radioluna.it\/news\/wp-json\/wp\/v2\/comments?post=310392"}],"version-history":[{"count":0,"href":"https:\/\/www.radioluna.it\/news\/wp-json\/wp\/v2\/posts\/310392\/revisions"}],"wp:featuredmedia":[{"embeddable":true,"href":"https:\/\/www.radioluna.it\/news\/wp-json\/wp\/v2\/media\/310393"}],"wp:attachment":[{"href":"https:\/\/www.radioluna.it\/news\/wp-json\/wp\/v2\/media?parent=310392"}],"wp:term":[{"taxonomy":"category","embeddable":true,"href":"https:\/\/www.radioluna.it\/news\/wp-json\/wp\/v2\/categories?post=310392"},{"taxonomy":"post_tag","embeddable":true,"href":"https:\/\/www.radioluna.it\/news\/wp-json\/wp\/v2\/tags?post=310392"}],"curies":[{"name":"wp","href":"https:\/\/api.w.org\/{rel}","templated":true}]}}