{"id":310463,"date":"2022-04-29T13:51:01","date_gmt":"2022-04-29T11:51:01","guid":{"rendered":"https:\/\/www.radioluna.it\/news\/?p=310463"},"modified":"2022-05-02T08:35:00","modified_gmt":"2022-05-02T06:35:00","slug":"idrocefalo-normoteso-congresso-medico-a-latina","status":"publish","type":"post","link":"https:\/\/www.radioluna.it\/news\/2022\/04\/idrocefalo-normoteso-congresso-medico-a-latina\/","title":{"rendered":"Idrocefalo Normoteso, congresso medico a Latina"},"content":{"rendered":"<div id=\"fb-root\"><\/div>\n<p style=\"text-align: justify;\"><strong>LATINA<\/strong> &#8211; La neurochirurgia dell&#8217;ospedale Santa Maria Goretti di Latina \u00e8 tra le pi\u00f9 specializzate nel trattamento dell\u2019idrocefalo normoteso, una patologia che induce nei pazienti sintomi simili a quelli di\u00a0 Alzheimer e\u00a0 Parkinson, ma che a differenza di questi si pu\u00f2 trattare e risolvere.<\/p>\n<p style=\"text-align: justify;\">Il tema sar\u00e0 oggetto di un congresso scientifico in programma domani 30 aprile (dalle 9,30) nella sala convegni San Cesareo della Curia Vescovile di Latina patrocinato dall\u2019Ordine dei Medici. L&#8217;obiettivo \u00e8 migliorare il servizio a pazienti e famiglie residenti nella Asl di Latina, ma non solo.<\/p>\n<p style=\"text-align: justify;\">&#8220;L\u2019Idrocefalo Normoteso \u00e8 una patologia che colpisce le persone dai 60 anni in su, anche se sono descritte forme giovanili &#8211; \u00a0spiega il dottor Gianpaolo Petrella (<em>foto puntata di Medicina 33 su Rai 2<\/em>) neurochirurgo specialista di questa patologia al Goretti \u00a0 &#8211; Questa malattia \u00e8 caratterizzata da disturbi come la demenza, l&#8217;incontinenza e difficolt\u00e0 nel camminare e \u00a0rappresenta tra il 9 e il 15 % di tutte le demenze. Si calcola per\u00f2 che ogni anno solo il 25 % dei pazienti affetti da Idrocefalo Normoteso siano sottoposti ad intervento chirurgico. Tutti gli altri pazienti quindi non ricevono il corretto trattamento venendo etichettati come \u201cdementi\u201d, malati di Alzheimer, di Parkinson&#8221;.<\/p>\n<p style=\"text-align: justify;\"><img loading=\"lazy\" decoding=\"async\" class=\" wp-image-310468 alignright\" src=\"https:\/\/www.radioluna.it\/news\/wp-content\/uploads\/2022\/04\/petrella.jpg\" alt=\"\" width=\"211\" height=\"203\" \/><\/p>\n<p style=\"text-align: justify;\">L&#8217;esperienza nel campo \u00e8 lunga e solida. &#8220;Sono pi\u00f9 di 10 anni che al Goretti ci occupiamo di questa patologia, anche grazie alla collaborazione con universit\u00e0 italiane e straniere tra cui quelle di Toronto e di Cambridge, che ci hanno permesso di affrontare e descrivere casi unici al mondo come i primi casi di idrocefalo normoteso in pazienti con Sindrome di Down&#8221;, aggiunge il neurochirurgo.<\/p>\n<p style=\"text-align: justify;\">&#8220;Con questo congresso ci rivolgiamo ai medici di famiglia che spesso sono i primi a vedere questi pazienti e ai quali spetta il compito di indirizzarli; ai radiologi che eseguono tac e risonanze magnetiche su chi presenta questi disturbi; e in genere parliamo a tutti gli operatori che entrano in contatto con gli anziani, per esempio nei centri anziani e nelle Rsa. Faremo vedere anche i diversi casi clinici, prima e dopo l&#8217;intervento per dare un&#8217;idea dei miglioramenti ottenuti&#8221;.<\/p>\n<p style=\"text-align: justify;\">Ne abbiamo parlato su Radio Immagine con il dottor\u00a0 Petrella, che ha organizzato l&#8217;evento con il primario Angelo Pompucci<\/p>\n<p><strong>IL PODCAST<\/strong><\/p>\n<audio class=\"wp-audio-shortcode\" id=\"audio-310463-1\" preload=\"none\" style=\"width: 100%;\" controls=\"controls\"><source type=\"audio\/mpeg\" src=\"https:\/\/www.radioluna.it\/news\/wp-content\/uploads\/2022\/04\/podcast-Petrella.mp3?_=1\" \/><a href=\"https:\/\/www.radioluna.it\/news\/wp-content\/uploads\/2022\/04\/podcast-Petrella.mp3\">https:\/\/www.radioluna.it\/news\/wp-content\/uploads\/2022\/04\/podcast-Petrella.mp3<\/a><\/audio>\n<p>&nbsp;<\/p>\n<p>&nbsp;<\/p>\n","protected":false},"excerpt":{"rendered":"<p>LATINA &#8211; La neurochirurgia dell&#8217;ospedale Santa Maria Goretti di Latina \u00e8 tra le pi\u00f9 specializzate nel trattamento dell\u2019idrocefalo normoteso, una patologia che induce nei pazienti sintomi simili a quelli di\u00a0 Alzheimer e\u00a0 Parkinson, ma che a differenza di questi si pu\u00f2 trattare e risolvere. Il tema sar\u00e0 oggetto di un congresso scientifico in programma domani [&hellip;]<\/p>\n","protected":false},"author":62,"featured_media":310467,"comment_status":"open","ping_status":"open","sticky":false,"template":"","format":"standard","meta":{"footnotes":""},"categories":[7],"tags":[],"class_list":["post-310463","post","type-post","status-publish","format-standard","has-post-thumbnail","hentry","category-cronaca"],"_links":{"self":[{"href":"https:\/\/www.radioluna.it\/news\/wp-json\/wp\/v2\/posts\/310463","targetHints":{"allow":["GET"]}}],"collection":[{"href":"https:\/\/www.radioluna.it\/news\/wp-json\/wp\/v2\/posts"}],"about":[{"href":"https:\/\/www.radioluna.it\/news\/wp-json\/wp\/v2\/types\/post"}],"author":[{"embeddable":true,"href":"https:\/\/www.radioluna.it\/news\/wp-json\/wp\/v2\/users\/62"}],"replies":[{"embeddable":true,"href":"https:\/\/www.radioluna.it\/news\/wp-json\/wp\/v2\/comments?post=310463"}],"version-history":[{"count":0,"href":"https:\/\/www.radioluna.it\/news\/wp-json\/wp\/v2\/posts\/310463\/revisions"}],"wp:featuredmedia":[{"embeddable":true,"href":"https:\/\/www.radioluna.it\/news\/wp-json\/wp\/v2\/media\/310467"}],"wp:attachment":[{"href":"https:\/\/www.radioluna.it\/news\/wp-json\/wp\/v2\/media?parent=310463"}],"wp:term":[{"taxonomy":"category","embeddable":true,"href":"https:\/\/www.radioluna.it\/news\/wp-json\/wp\/v2\/categories?post=310463"},{"taxonomy":"post_tag","embeddable":true,"href":"https:\/\/www.radioluna.it\/news\/wp-json\/wp\/v2\/tags?post=310463"}],"curies":[{"name":"wp","href":"https:\/\/api.w.org\/{rel}","templated":true}]}}