{"id":310595,"date":"2022-05-02T15:48:16","date_gmt":"2022-05-02T13:48:16","guid":{"rendered":"https:\/\/www.radioluna.it\/news\/?p=310595"},"modified":"2022-05-02T15:48:16","modified_gmt":"2022-05-02T13:48:16","slug":"giro-dellagro-pontino-di-prospero-e-nardecchia-trionfano-nella-7-tappa","status":"publish","type":"post","link":"https:\/\/www.radioluna.it\/news\/2022\/05\/giro-dellagro-pontino-di-prospero-e-nardecchia-trionfano-nella-7-tappa\/","title":{"rendered":"Giro dell&#8217;Agro Pontino, Di Prospero e Nardecchia trionfano nella 7\u00b0 tappa"},"content":{"rendered":"<div id=\"fb-root\"><\/div>\n<p style=\"text-align: justify;\">Il Giro dell\u2019Agro Pontino Opes avanza con la settima tappa di calendario. A trionfare stavolta, sono stati\u00a0Enzo Di Prospero del Team Nardecchia Montini e Giuseppe\u00a0Nardecchia del Veloteam Latina.<\/p>\n<p style=\"text-align: justify;\">Nella splendida cornice dell\u2019Agriturismo Morgante, domenica 1\u00b0 maggio si \u00e8 svolto il Memorial Davide Giuliani organizzato dall\u2019asd Terracina Cycling Veneta Group. Nonostante la giornata coincidesse con la Festa dei Lavoratori, ben\u00a0130 atleti\u00a0si sono presentati al via.<\/p>\n<p style=\"text-align: justify;\">\u201cSiamo giunti a met\u00e0 del calendario 2022 ed il bilancio delle gare sostenute non solo \u00e8 positivo, ma si registra una continuit\u00e0 di svolgimento e di partecipazione \u2013 commenta\u00a0Davide Fioriello\u00a0vice presidente nazionale Opes \u2013 il Giro dell\u2019Agro Pontino \u00e8 cresciuto notevolmente e si pone come un vero riferimento territoriale per il settore\u201d.<\/p>\n<p style=\"text-align: justify;\">Condizioni meteo perfette, circuito messo in sicurezza dal gran lavoro svolto dalla societ\u00e0 organizzatrice, e ben controllato dal Comando dei Vigili Urbani di Terracina, ai quali vanno i ringraziamenti della commissione ciclistica Opes. Alle ore 9, la famiglia Giuliani dava il via alla gara.<\/p>\n<p style=\"text-align: justify;\">\u201cUna gara organizzata in memoria di Daniele Giuliani, un giovane ciclista che purtroppo ci ha lasciati troppo presto \u2013 commentano dalla Commissione Ciclistica Opes \u2013 Una famiglia, quella di Sergio Giuliani, che naviga nell\u2019ambito del ciclismo regionale, donando passione ed energia, da tempi memorabili. Non poteva esserci modo migliore da parte dell\u2019ASD Terracina Cycling Veneta Group per omaggiarli. Gianluca D\u2019amico ed il suo team, hanno dimostrato forte coesione e grande affidabilit\u00e0. Siamo certi che questo Memorial dar\u00e0 grandi soddisfazioni negli anni a venire\u201d.<\/p>\n<p style=\"text-align: justify;\">Nella prima partenza, si apriva il festival degli attacchi in solitaria, al primo giro con Antonio Orlacchio presto ripreso, al secondo giro con Gianpiero Picozza che riusciva a tenere una tornata intera, prima di essere ripreso da Quattrini Luca e Di Prospero Enzo, in un primo momento, e Madaluni Luca in un secondo momento. Il quartetto aveva vita breve ed al quinto giro il gruppo chiudeva il gap. Poco prima dell\u2019inizio del settimo giro, altro terzetto composto da Papa Antonio, Persichini Alessio, Montini Stefano, riuscivano a guadagnare 20 secondi. La reazione dell\u2019ASD Veloteam Latina e dell\u2019ASD Center Bike, rimasati fuori dai giochi, riportava il gruppo compatto a 5 km dall\u2019arrivo dove iniziavano la bagarre finale. Ad anticipare tutti con un allungo poderoso a soli 2 km era Enzo Di Prospero, che guadagnando 10 secondi riusciva a tagliare a braccia alzate il traguardo. L\u2019ASD Nardecchia-Montini Team completava il podio piazzando Valerio Strano Paniccia al secondo posto e Angelo Cellini al terzo.<\/p>\n<p style=\"text-align: justify;\">La seconda partenza vedeva una forte vena agonistica in tutti gli atleti presenti. Tanto forte che, in quasi la totalit\u00e0 della gara, tutti gli attacchi portati dai vari team non erano sufficienti ed in grado di far creare fughe degne di nota, ma comunque contribuiva a picchi elevati di media generale di gara. Solamente nel finale, quando le energie iniziavano a calare ed i tatticismi prendevano il sopravvento, Bruno Gaviglia, allungava sul gruppo. L\u2019occhio esperto di Giuseppe Nardecchia, faceva intuire che era il momento giusto per lasciare il gruppo ed agganciarsi alla ruota del rivale di categoria.\u00a0I due di comune accordo, procedevano fino a giocarsi la gara nella volata finale che vedeva prevalere Nardecchia Giuseppe su Gaviglia Bruno. Il gruppo arrivava a ranghi compatti per giocarsi la terza posizione ad appannaggio di Massimiliano Fraiegari.<\/p>\n<p>Di seguito i primi 5 piazzamenti di categoria per ordine di arrivo.<\/p>\n<p>Categoria Rossa<\/p>\n<p>Strano Paniccia Alessio \u2013 Team\u00a0Nardecchia Montini<br \/>\nCellini Angelo\u00a0\u2013 Team\u00a0Nardecchia Montini<br \/>\nD\u2019Amico Gianluca \u2013\u00a0Terracina Cycling<br \/>\nCartolano Domenico \u2013\u00a0Bike Lab Team Astolfi<br \/>\nPantoni Manuel \u2013 Center Bike<br \/>\nCategoria Blu<\/p>\n<p>Di Prospero Enzo \u2013 Team Nardecchia Montini<br \/>\nPicozza Gianpiero \u2013 Il Gatto e La Volpe<br \/>\nCavaricci Daniele \u2013 Bike Lab Team Astolfi<br \/>\nSoldi Giuseppe \u2013 Velotem Latina<br \/>\nPannozzo Luca \u2013 Terracina Cycling<br \/>\nCategoria Verde<\/p>\n<p>Sarrecchia Gianluca\u00a0 \u2013 Drago On Bike<br \/>\nGarofalo Massimo \u2013\u00a0Team Nardecchia Montini<br \/>\nCeci Luca \u2013\u00a0Il Gatto e La Volpe<br \/>\nCaronti Federico \u2013 asd Nettuno<br \/>\nBonesi Marco \u2013\u00a0asd Nettuno<br \/>\nCategoria Gialla<\/p>\n<p>Fraiegari Massimiliano \u2013 Team Fiormonti<br \/>\nCiani Giuseppe \u2013 Peloso Team<br \/>\nSambucci Sandro \u2013\u00a0Terracina Cycling<br \/>\nMiozzi Pietro \u2013 asd Nettuno<br \/>\nDi Magno Fernando\u00a0\u2013 Drago On Bike<br \/>\nCategoria Nera<\/p>\n<p>Nardecchia Giuseppe \u2013 Veloteam Latina<br \/>\nGaviglia Bruno \u2013\u00a0Team Nardecchia Montini<br \/>\nSciotti Massimo \u2013 Sportland<br \/>\nPeloso Massimo \u2013 Peloso Team<br \/>\nCampagna Luigi \u2013 Drago On Bike<\/p>\n<div class=\"radio-posizionamento-telefono-in-articoli-dopo-il-contenuto-articolo radio-entity-placement\" id=\"radio-404786716\"><div id=\"radio-3993970124\"><a href=\"https:\/\/grupporedi.it\/\" aria-label=\"Redi-Qr\"><img loading=\"lazy\" decoding=\"async\" src=\"https:\/\/www.radioluna.it\/news\/wp-content\/uploads\/2026\/03\/Redi-Qr.jpg\" alt=\"\"  srcset=\"https:\/\/www.radioluna.it\/news\/wp-content\/uploads\/2026\/03\/Redi-Qr.jpg 800w, https:\/\/www.radioluna.it\/news\/wp-content\/uploads\/2026\/03\/Redi-Qr-768x639.jpg 768w\" sizes=\"(max-width: 800px) 100vw, 800px\" width=\"300\" height=\"250\"   \/><\/a><\/div><\/div>","protected":false},"excerpt":{"rendered":"<p>Il Giro dell\u2019Agro Pontino Opes avanza con la settima tappa di calendario. A trionfare stavolta, sono stati\u00a0Enzo Di Prospero del Team Nardecchia Montini e Giuseppe\u00a0Nardecchia del Veloteam Latina. Nella splendida cornice dell\u2019Agriturismo Morgante, domenica 1\u00b0 maggio si \u00e8 svolto il Memorial Davide Giuliani organizzato dall\u2019asd Terracina Cycling Veneta Group. Nonostante la giornata coincidesse con la [&hellip;]<\/p>\n","protected":false},"author":5430,"featured_media":0,"comment_status":"open","ping_status":"open","sticky":false,"template":"","format":"standard","meta":{"footnotes":""},"categories":[17],"tags":[],"class_list":["post-310595","post","type-post","status-publish","format-standard","hentry","category-sport"],"_links":{"self":[{"href":"https:\/\/www.radioluna.it\/news\/wp-json\/wp\/v2\/posts\/310595","targetHints":{"allow":["GET"]}}],"collection":[{"href":"https:\/\/www.radioluna.it\/news\/wp-json\/wp\/v2\/posts"}],"about":[{"href":"https:\/\/www.radioluna.it\/news\/wp-json\/wp\/v2\/types\/post"}],"author":[{"embeddable":true,"href":"https:\/\/www.radioluna.it\/news\/wp-json\/wp\/v2\/users\/5430"}],"replies":[{"embeddable":true,"href":"https:\/\/www.radioluna.it\/news\/wp-json\/wp\/v2\/comments?post=310595"}],"version-history":[{"count":0,"href":"https:\/\/www.radioluna.it\/news\/wp-json\/wp\/v2\/posts\/310595\/revisions"}],"wp:attachment":[{"href":"https:\/\/www.radioluna.it\/news\/wp-json\/wp\/v2\/media?parent=310595"}],"wp:term":[{"taxonomy":"category","embeddable":true,"href":"https:\/\/www.radioluna.it\/news\/wp-json\/wp\/v2\/categories?post=310595"},{"taxonomy":"post_tag","embeddable":true,"href":"https:\/\/www.radioluna.it\/news\/wp-json\/wp\/v2\/tags?post=310595"}],"curies":[{"name":"wp","href":"https:\/\/api.w.org\/{rel}","templated":true}]}}