{"id":311301,"date":"2022-05-15T09:00:35","date_gmt":"2022-05-15T07:00:35","guid":{"rendered":"https:\/\/www.radioluna.it\/news\/?p=311301"},"modified":"2022-05-15T09:00:35","modified_gmt":"2022-05-15T07:00:35","slug":"csc-student-marathon-successo-a-latina-per-la-prima-edizione","status":"publish","type":"post","link":"https:\/\/www.radioluna.it\/news\/2022\/05\/csc-student-marathon-successo-a-latina-per-la-prima-edizione\/","title":{"rendered":"Csc Student Marathon, successo a Latina per la prima edizione"},"content":{"rendered":"<div id=\"fb-root\"><\/div>\n<p><strong>LATINA &#8211;<\/strong> Pi\u00f9 di 1.200 persone, in gran parte giovani e giovanissimi studenti, hanno partecipato questa mattina alla prima edizione della CSC STUDENT MARATHON, un evento che ha fatto segnare un numero record di presenze per la sua prima edizione. Uno straordinario successo per la mezza maratona dedicata agli studenti, iniziativa promossa da \u201cCSC &#8211; Citt\u00e0 Sport Cultura\u201d, ed organizzata dall\u2019Asd IN CORSA LIBERA ed OPES Comitato Provinciale di Latina, patrocinata da Comune di Latina, Provincia di Latina, CONI Lazio e Regione Lazio. Le vie del centro della citt\u00e0 si sono riempite fin dal primo mattino di tantissimi giovani ma anche di famiglie, con i genitori che hanno voluto correre insieme ai propri ragazzi. Folta ed entusiasta la partecipazione delle scuole e delle universit\u00e0 del capoluogo, con maestri, docenti e dirigenti scolastici che hanno indossato scarpe sportive e pantaloncini per partecipare a questa grande festa sportiva.<\/p>\n<p>Un evento anche all\u2019insegna dell\u2019inclusione, con la partecipazione di diversi atleti con disabilit\u00e0 fisica grazie alla presenza dell\u2019associazione Fair Play di Latina e dell\u2019atleta della nazionale italiana amputati, il latinense Luca Zavatti.<\/p>\n<p>Presenti alla manifestazione il sindaco di Latina Damiano Coletta e il presidente di Citt\u00e0 Sport Cultura, il senatore Riccardo Pedrizzi, che hanno salutato i partecipanti.<\/p>\n<p>Un evento che \u00e8 stato soprattutto un modo per coinvolgere tanti giovani e per rafforzare il senso di identit\u00e0 nell\u2019anno in cui Latina celebra il 90\u00ba di fondazione. E\u2019 questo, del resto, l\u2019obiettivo principale di CSC &#8211; Citt\u00e0 Sport Cultura vale a dire quello di creare opportunit\u00e0, eventi, relazioni tali da sviluppare la cultura sportiva e quindi la socialit\u00e0 e i momenti di aggregazione nel nostro territorio.<\/p>\n<p>\u201cL\u2019aggregazione e lo spirito identitario e di comunit\u00e0 sono stati il filo conduttore di questo evento &#8211; afferma Stefano Pedrizzi, segretario di CSC &#8211; Citt\u00e0 Sport Cultura ed ideatore della maratona &#8211; il cui ricavato, dovuto alla minima quota di iscrizione e al supporto degli sponsor, \u00e8 andato a finanziare materiale didattico e sportivo per le scuole della citt\u00e0. Un ringraziamento va alla mia famiglia, a Davide Fioriello, Vice Presidente nazionale di Opes , ai ragazzi di Opes Latina , agli universitari ,ai dirigenti scolastici e a tutti coloro che ci hanno supportato in questa prima edizione, in particolare le aziende, gli sponsor, i partner tecnici e le istituzioni che hanno collaborato alla ottima riuscita dell\u2019evento. Si tratta di uno straordinario viatico, un segnale, un messaggio forte di inclusione e di aggregazione che ci proietta gi\u00e0 alla seconda edizione della maratona, per fare in modo che questo evento abbia una continuit\u00e0 negli anni e rappresenti un punto fermo per rafforzare il senso identitario e comunitario della nostra citt\u00e0, nel connubio virtuoso tra sport e cultura\u201d.<\/p>\n<p>&nbsp;<\/p>\n<p>&nbsp;<\/p>\n<div class=\"radio-posizionamento-telefono-in-articoli-dopo-il-contenuto-articolo radio-entity-placement\" id=\"radio-530811033\"><div id=\"radio-2688373344\"><a href=\"https:\/\/grupporedi.it\/\" aria-label=\"Redi-Qr\"><img loading=\"lazy\" decoding=\"async\" src=\"https:\/\/www.radioluna.it\/news\/wp-content\/uploads\/2026\/03\/Redi-Qr.jpg\" alt=\"\"  srcset=\"https:\/\/www.radioluna.it\/news\/wp-content\/uploads\/2026\/03\/Redi-Qr.jpg 800w, https:\/\/www.radioluna.it\/news\/wp-content\/uploads\/2026\/03\/Redi-Qr-768x639.jpg 768w\" sizes=\"(max-width: 800px) 100vw, 800px\" width=\"300\" height=\"250\"   \/><\/a><\/div><\/div>","protected":false},"excerpt":{"rendered":"<p>LATINA &#8211; Pi\u00f9 di 1.200 persone, in gran parte giovani e giovanissimi studenti, hanno partecipato questa mattina alla prima edizione della CSC STUDENT MARATHON, un evento che ha fatto segnare un numero record di presenze per la sua prima edizione. Uno straordinario successo per la mezza maratona dedicata agli studenti, iniziativa promossa da \u201cCSC &#8211; [&hellip;]<\/p>\n","protected":false},"author":5430,"featured_media":0,"comment_status":"open","ping_status":"open","sticky":false,"template":"","format":"standard","meta":{"footnotes":""},"categories":[17],"tags":[],"class_list":["post-311301","post","type-post","status-publish","format-standard","hentry","category-sport"],"_links":{"self":[{"href":"https:\/\/www.radioluna.it\/news\/wp-json\/wp\/v2\/posts\/311301","targetHints":{"allow":["GET"]}}],"collection":[{"href":"https:\/\/www.radioluna.it\/news\/wp-json\/wp\/v2\/posts"}],"about":[{"href":"https:\/\/www.radioluna.it\/news\/wp-json\/wp\/v2\/types\/post"}],"author":[{"embeddable":true,"href":"https:\/\/www.radioluna.it\/news\/wp-json\/wp\/v2\/users\/5430"}],"replies":[{"embeddable":true,"href":"https:\/\/www.radioluna.it\/news\/wp-json\/wp\/v2\/comments?post=311301"}],"version-history":[{"count":0,"href":"https:\/\/www.radioluna.it\/news\/wp-json\/wp\/v2\/posts\/311301\/revisions"}],"wp:attachment":[{"href":"https:\/\/www.radioluna.it\/news\/wp-json\/wp\/v2\/media?parent=311301"}],"wp:term":[{"taxonomy":"category","embeddable":true,"href":"https:\/\/www.radioluna.it\/news\/wp-json\/wp\/v2\/categories?post=311301"},{"taxonomy":"post_tag","embeddable":true,"href":"https:\/\/www.radioluna.it\/news\/wp-json\/wp\/v2\/tags?post=311301"}],"curies":[{"name":"wp","href":"https:\/\/api.w.org\/{rel}","templated":true}]}}