{"id":311602,"date":"2022-05-21T16:04:12","date_gmt":"2022-05-21T14:04:12","guid":{"rendered":"https:\/\/www.radioluna.it\/news\/?p=311602"},"modified":"2022-05-21T16:04:12","modified_gmt":"2022-05-21T14:04:12","slug":"agricoltura-e-sovranita-qualita-e-indipendenza-nel-settore-agroalimentare-il-convegno-di-fratelli-ditalia","status":"publish","type":"post","link":"https:\/\/www.radioluna.it\/news\/2022\/05\/agricoltura-e-sovranita-qualita-e-indipendenza-nel-settore-agroalimentare-il-convegno-di-fratelli-ditalia\/","title":{"rendered":"Agricoltura e Sovranit\u00e0 &#8211; Qualit\u00e0 e indipendenza nel settore agroalimentare, il convegno di Fratelli d&#8217;Italia"},"content":{"rendered":"<div id=\"fb-root\"><\/div>\n<p style=\"text-align: justify;\"><strong>LATINA &#8211;<\/strong> Si \u00e8 tenuto nella mattinata di oggi il convegno di Fratelli d\u2019Italia \u201cAgricoltura e Sovranit\u00e0 &#8211; Qualit\u00e0 e indipendenza nel settore agroalimentare\u201d presso il ristorante Da Franco, a Terracina. Nel dibattito moderato da Sara Kelany dell\u2019ufficio studi di Fratelli d\u2019Italia al Senato, \u00e8 intervenuto per un breve saluto anche il candidato sindaco di Sabaudia Enzo Di Capua.\u00a0Ad aprire i lavori il coordinatore provinciale di Fratelli d&#8217;Italia Latina, senatore Nicola Calandrini: \u201cLa situazione \u00e8 drammatica: le aziende agricole sono sul punto di non poter pi\u00f9 lavorare perch\u00e9 altrimenti andrebbero in perdita\u201d.<\/p>\n<p style=\"text-align: justify;\">Ermanno Bonaldo, presidente Copagri Latina, ha sottolineato come la piaga del caporalato stia colpendo il settore: \u201cSta diventando una sorta di cavallo di battaglia, strumentalizzando, perch\u00e9 in provincia di Latina le aziende virtuose sono moltissime. \u00c8 un fenomeno che esiste in tutta Europa\u201d.<\/p>\n<p style=\"text-align: justify;\">Denis Carnello, Presidente di Coldiretti Latina, ha aggiunto: \u201dCon il reddito di cittadinanza abbiamo iniziato ad avere grandi difficolt\u00e0 nel reperire manodopera locale e il decreto flussi ha tempi di attesa troppo lunghi, non si possono avere risposte dopo un anno. La politica deve velocizzare i tempi\u201d.<\/p>\n<p style=\"text-align: justify;\">Luigi Niccolini, Presidente di Confagricoltura ha posto l\u2019accento sulla mancanza di infrastrutture e di nuovo sul caporalato: \u201cSubiamo una campagna denigratoria come mascalzoni e criminali ma non \u00e8 la realt\u00e0. Il caporalato a Latina rappresenta il 2,6% dei casi in Italia. Non siamo i peggiori come ci dicono i giornali. Rischiamo un meccanismo dove gli acquirenti esteri penseranno che i prodotti vengono da una zona di malaffare e o non comprano o vorranno prezzi minori\u201d.<\/p>\n<p style=\"text-align: justify;\">Per la C.I.A., il presidente Luca Zanarella: \u201cServe interlocuzione con la politica, ben vengano questi incontri\u201d.<\/p>\n<p style=\"text-align: justify;\">\u00c8 seguito l\u2019intervento della consigliera provinciale di Latina e consigliera comunale di Terracina Ilaria Marangoni: \u201cL\u2019evento di oggi \u00e8 fondamentale. Cerchiamo di intaccare problemi e trovare soluzioni, cerchiamo di essere presenti e partecipi. La politica \u00e8 a disposizione del territorio e non il contrario, la soluzione deve venire da chi il problema lo vive tutti i giorni\u201d.<\/p>\n<p style=\"text-align: justify;\">Luigi Vocella, consigliere comunale di Fondi, ha presentato la mozione per contrastare il caporalato: \u201cIl caporalato annacqua il lavoro. Abbiamo preparato\u00a0 una mozione per dire che bisogna rafforzare e tutelare le politiche di eccellenza sull\u2019agricoltura e dare un segnale\u201d.<\/p>\n<p style=\"text-align: justify;\">Enrico Tiero, vice portavoce regionale di Fratelli d\u2019Italia ed ex assessore provinciale all\u2019agricoltura, ha ricordato quanto \u00e8 stato fatto in passato: \u201cLa classe politica locale e imprenditoriale non hanno fatto sistema. Bisogna fare sistema con le aziende\u201d.<\/p>\n<p style=\"text-align: justify;\">Il Senatore Patrizio La Pietra, membro della Commissione Agricoltura del Senato, ha detto: \u201cDi sovranit\u00e0 alimentare noi ne parliamo da anni e non solo dalla guerra. Dicevamo che bisognava incentivare la produzione agricola nel paese, soprattutto per grano e cereali. Il problema \u00e8 che il Governo non ha visione in agricoltura. Bisogna salvaguardare il reddito dell\u2019agricoltore\u201d.<\/p>\n<p style=\"text-align: justify;\">L\u2019eurodeputato Nicola Procaccini ha spiegato cosa accade in Europa: \u201cQualcuno deve aver pensato a Bruxelles che avevamo ragione quando parlavamo di indipendenza alimentare. Non ci diedero retta. Non ci sono ambientalisti maggiori degli agricoltori ma la sinistra considera i produttori come mostri\u201d. Sul caporalato: \u201cDa qui a dipingere questo come un territorio inquinato dai capitalisti, ce ne passa tantissimo. Basterebbe viverci per sapere che non esiste in tutta Italia un modello di accoglienza migliore tra pionieri di un tempo che hanno adottato famiglie di extracomunitari e sono perfettamente integrati\u201d.<\/p>\n<p style=\"text-align: justify;\">Ha chiuso gli interventi, il senatore Luca De Carlo, responsabile nazionale del dipartimento agricoltura di Fratelli d\u2019Italia: \u201cChi si occupa di agricoltura sa che gli aumenti ci sono stati anche prima, la guerra \u00e8 stata la scusa di chi ha sbagliato 20 anni di politiche agricole e nazionali. L\u2019aspetto pi\u00f9 importante \u00e8 il reddito dell\u2019agricoltura. Non possiamo lamentarci di non essere autosufficienti se compriamo altrove. Noi dobbiamo essere meno ricattabili dando alle nostre imprese la possibilit\u00e0 di produrre senza essere in balia dei mercati. Facciamo un contratto di filiera dove non ci guadagna la grande distribuzione o l\u2019industria ma dove si garantisce il reddito all\u2019agricoltore per fare investimenti anche nei prossimi anni. Deve essere sancito il principio che il sistema \u00e8 primario ma anche strategico per l&#8217;interesse nazionale\u201d.<\/p>\n<div class=\"radio-posizionamento-telefono-in-articoli-dopo-il-contenuto-articolo radio-entity-placement\" id=\"radio-946562343\"><div id=\"radio-3104330211\" style=\"width: 300px;height: 250px;\"><a href=\"https:\/\/www.icarspa.it\/auto\/usate\/latina\/\" aria-label=\"banner aprile icar new life &#8211; auto usate latina\"><img loading=\"lazy\" decoding=\"async\" src=\"https:\/\/www.radioluna.it\/news\/wp-content\/uploads\/2026\/02\/banner-aprile-icar-new-life-auto-usate-latina.gif\" alt=\"\"  width=\"300\" height=\"250\"   \/><\/a><\/div><\/div>","protected":false},"excerpt":{"rendered":"<p>LATINA &#8211; Si \u00e8 tenuto nella mattinata di oggi il convegno di Fratelli d\u2019Italia \u201cAgricoltura e Sovranit\u00e0 &#8211; Qualit\u00e0 e indipendenza nel settore agroalimentare\u201d presso il ristorante Da Franco, a Terracina. Nel dibattito moderato da Sara Kelany dell\u2019ufficio studi di Fratelli d\u2019Italia al Senato, \u00e8 intervenuto per un breve saluto anche il candidato sindaco di [&hellip;]<\/p>\n","protected":false},"author":60,"featured_media":310638,"comment_status":"open","ping_status":"open","sticky":false,"template":"","format":"standard","meta":{"footnotes":""},"categories":[8],"tags":[],"class_list":["post-311602","post","type-post","status-publish","format-standard","has-post-thumbnail","hentry","category-politica"],"_links":{"self":[{"href":"https:\/\/www.radioluna.it\/news\/wp-json\/wp\/v2\/posts\/311602","targetHints":{"allow":["GET"]}}],"collection":[{"href":"https:\/\/www.radioluna.it\/news\/wp-json\/wp\/v2\/posts"}],"about":[{"href":"https:\/\/www.radioluna.it\/news\/wp-json\/wp\/v2\/types\/post"}],"author":[{"embeddable":true,"href":"https:\/\/www.radioluna.it\/news\/wp-json\/wp\/v2\/users\/60"}],"replies":[{"embeddable":true,"href":"https:\/\/www.radioluna.it\/news\/wp-json\/wp\/v2\/comments?post=311602"}],"version-history":[{"count":0,"href":"https:\/\/www.radioluna.it\/news\/wp-json\/wp\/v2\/posts\/311602\/revisions"}],"wp:featuredmedia":[{"embeddable":true,"href":"https:\/\/www.radioluna.it\/news\/wp-json\/wp\/v2\/media\/310638"}],"wp:attachment":[{"href":"https:\/\/www.radioluna.it\/news\/wp-json\/wp\/v2\/media?parent=311602"}],"wp:term":[{"taxonomy":"category","embeddable":true,"href":"https:\/\/www.radioluna.it\/news\/wp-json\/wp\/v2\/categories?post=311602"},{"taxonomy":"post_tag","embeddable":true,"href":"https:\/\/www.radioluna.it\/news\/wp-json\/wp\/v2\/tags?post=311602"}],"curies":[{"name":"wp","href":"https:\/\/api.w.org\/{rel}","templated":true}]}}