{"id":312014,"date":"2022-05-30T15:13:46","date_gmt":"2022-05-30T13:13:46","guid":{"rendered":"https:\/\/www.radioluna.it\/news\/?p=312014"},"modified":"2022-05-30T15:13:46","modified_gmt":"2022-05-30T13:13:46","slug":"il-comune-di-latina-bandisce-il-premio-giuseppe-manzi","status":"publish","type":"post","link":"https:\/\/www.radioluna.it\/news\/2022\/05\/il-comune-di-latina-bandisce-il-premio-giuseppe-manzi\/","title":{"rendered":"Il Comune di Latina bandisce il Premio Giuseppe Manzi"},"content":{"rendered":"<div id=\"fb-root\"><\/div>\n<p style=\"text-align: justify;\"><strong>LATINA &#8211;<\/strong> Con una determina del Servizio Pubblica Istruzione e Politiche Giovanili, \u00e8 stato approvato il bando \u2018Premio Giuseppe Manzi\u2019 nato dalla volont\u00e0 dell\u2019Amministrazione di ricordare la figura di Giuseppe Manzi, dirigente del Servizio Finanziario e Partecipate del Comune di Latina, prematuramente scomparso il 20 luglio 2020. Il Premio Giuseppe Manzi si pone l\u2019obiettivo di valorizzare il merito scolastico e di riconoscere le competenze, nonch\u00e9 di incentivare il proseguimento degli studenti e le studentesse frequentati le scuole secondarie di secondo grado \u2013 indirizzo economico \u2013 del Comune di Latina. Possono partecipare al bando i frequentanti degli istituti: Marconi (indirizzo amministrazione Finanza e Marketing); Vittorio Veneto \u2013 Salvemini (indirizzo amministrazione Finanza e Marketing); Manzoni (indirizzo economico sociale); Einaudi \u2013 Mattei (indirizzo servizi commerciali). Le quattro scuole secondarie indicate, individueranno lo studente e la studentessa che avranno riportato il miglior risultato all\u2019esame di maturit\u00e0 ai quali verr\u00e0 rispettivamente assegnata una borsa di studio pari a 1.000 \u20ac. Le borse di studio verranno assegnate nel corso di una cerimonia di consegna. La premiazione degli studenti sar\u00e0 effettuata dal Sindaco il giorno dell\u2019anniversario della scomparsa di Giuseppe Manzi. Per maggiori informazioni, consultare la sezione bandi del sito del Comune di Latina.<\/p>\n<p style=\"text-align: justify;\">Il progetto \u00e8 nato su impulso degli ex consiglieri Massimo Di Trento e Ernesto Coletta e realizzato dall\u2019allora Assessore al Bilancio Gianmarco Proietti, oggi Consigliere di Latina Bene Comune, particolarmente legato alla memoria di Giuseppe Manzi: \u201cEro l\u00ec nel tragico giorno del suo prematuro decesso, un ricordo ancora oggi tremendamente impresso nella mia mente. Ma non \u00e8 solo la tragicit\u00e0 di questo ricordo a legarmi a Giuseppe Manzi. Di lui ricordo, e sempre ricorder\u00f2, la capacit\u00e0 di rendere semplice ogni problema complesso affrontandolo con un sorriso timido, ma coinvolgente; la capacit\u00e0 di infondere certezze con poche parole; la professionalit\u00e0\u0300 e la disponibilit\u00e0\u0300 del Dirigente; la sensibilit\u00e0\u0300 e la generosit\u00e0\u0300 dell\u2019uomo\u201d.<\/p>\n<p style=\"text-align: justify;\">\u201cRingrazio \u2013 conclude Proietti \u2013 l\u2019Assessora Pazienti per aver portato avanti il progetto. Cos\u00ec come l\u2019Assessore Mellacina ed il dirigente Vicaro per la disponibilit\u00e0 finanziaria. Non posso che essere, dunque, sinceramente emozionato ed immensamente soddisfatto perch\u00e9 questo premio diventa una tradizione che coniuga al ricordo di una grande persona, il riconoscimento della qualit\u00e0 e dell\u2019attitudine per lo studio. Pregi che anche Giuseppe, nel suo approccio dedito al lavoro e al sacrificio, apprezzava particolarmente\u201d.<\/p>\n<div class=\"radio-posizionamento-telefono-in-articoli-dopo-il-contenuto-articolo radio-entity-placement\" id=\"radio-1051418652\"><div id=\"radio-1669068197\" style=\"width: 300px;height: 250px;\"><a href=\"https:\/\/www.icarspa.it\/auto\/usate\/latina\/\" aria-label=\"banner aprile icar new life &#8211; auto usate latina\"><img loading=\"lazy\" decoding=\"async\" src=\"https:\/\/www.radioluna.it\/news\/wp-content\/uploads\/2026\/02\/banner-aprile-icar-new-life-auto-usate-latina.gif\" alt=\"\"  width=\"300\" height=\"250\"   \/><\/a><\/div><\/div>","protected":false},"excerpt":{"rendered":"<p>LATINA &#8211; Con una determina del Servizio Pubblica Istruzione e Politiche Giovanili, \u00e8 stato approvato il bando \u2018Premio Giuseppe Manzi\u2019 nato dalla volont\u00e0 dell\u2019Amministrazione di ricordare la figura di Giuseppe Manzi, dirigente del Servizio Finanziario e Partecipate del Comune di Latina, prematuramente scomparso il 20 luglio 2020. Il Premio Giuseppe Manzi si pone l\u2019obiettivo di [&hellip;]<\/p>\n","protected":false},"author":60,"featured_media":196669,"comment_status":"open","ping_status":"open","sticky":false,"template":"","format":"standard","meta":{"footnotes":""},"categories":[2403],"tags":[],"class_list":["post-312014","post","type-post","status-publish","format-standard","has-post-thumbnail","hentry","category-le-cose-in-comune"],"_links":{"self":[{"href":"https:\/\/www.radioluna.it\/news\/wp-json\/wp\/v2\/posts\/312014","targetHints":{"allow":["GET"]}}],"collection":[{"href":"https:\/\/www.radioluna.it\/news\/wp-json\/wp\/v2\/posts"}],"about":[{"href":"https:\/\/www.radioluna.it\/news\/wp-json\/wp\/v2\/types\/post"}],"author":[{"embeddable":true,"href":"https:\/\/www.radioluna.it\/news\/wp-json\/wp\/v2\/users\/60"}],"replies":[{"embeddable":true,"href":"https:\/\/www.radioluna.it\/news\/wp-json\/wp\/v2\/comments?post=312014"}],"version-history":[{"count":0,"href":"https:\/\/www.radioluna.it\/news\/wp-json\/wp\/v2\/posts\/312014\/revisions"}],"wp:featuredmedia":[{"embeddable":true,"href":"https:\/\/www.radioluna.it\/news\/wp-json\/wp\/v2\/media\/196669"}],"wp:attachment":[{"href":"https:\/\/www.radioluna.it\/news\/wp-json\/wp\/v2\/media?parent=312014"}],"wp:term":[{"taxonomy":"category","embeddable":true,"href":"https:\/\/www.radioluna.it\/news\/wp-json\/wp\/v2\/categories?post=312014"},{"taxonomy":"post_tag","embeddable":true,"href":"https:\/\/www.radioluna.it\/news\/wp-json\/wp\/v2\/tags?post=312014"}],"curies":[{"name":"wp","href":"https:\/\/api.w.org\/{rel}","templated":true}]}}