{"id":312425,"date":"2022-06-07T10:23:52","date_gmt":"2022-06-07T08:23:52","guid":{"rendered":"https:\/\/www.radioluna.it\/news\/?p=312425"},"modified":"2022-06-07T10:23:52","modified_gmt":"2022-06-07T08:23:52","slug":"treni-altra-giornata-di-passione-per-i-pendolari-della-provincia-di-latina","status":"publish","type":"post","link":"https:\/\/www.radioluna.it\/news\/2022\/06\/treni-altra-giornata-di-passione-per-i-pendolari-della-provincia-di-latina\/","title":{"rendered":"Treni, altra giornata di passione per i pendolari della provincia di Latina"},"content":{"rendered":"<div id=\"fb-root\"><\/div>\n<p><strong>LATINA<\/strong> &#8211; Se tutto andr\u00e0 bene, ci vorranno ancora 24 ore per risolvere i problemi causati dal deragliamento di un treno dell&#8217;Alta Velocit\u00e0 avvenuto in prossimit\u00e0 di Roma Prenestina lo scorso venerd\u00ec 3 giugno. In attesa della conclusione dei lavori di completo ripristino dell\u2019infrastruttura proseguono i disagi causati dalle modifiche al programma di circolazione dei treni, dal momento che parte dei convogli dell&#8217;Alta Velocit\u00e0 viaggia sula linea normale e per questa ragione i treni regionali del Lazio subiscono da giorni cancellazioni, rallentamenti e modifiche al percorso.<\/p>\n<p>I treni del trasporto regionale di Lazio e Campania subiranno ritardi, variazioni e cancellazioni, interessate le seguenti tratte: Orte \u2013 Roma \u2013 Fiumicino (FL1) \/ Roma \u2013Frascati \u2013 Albano \u2013Velletri (FL4) \/ Roma \u2013 Cassino (FL6) \/ Roma \u2013 Latina \u2013 Formia (FL7) \/ Roma \u2013 Nettuno (FL8) \/ Napoli \u2013 Villa Literno \u2013 Caserta \/ Napoli \u2013 Salerno (Via Monte del Vesuvio) \/ Napoli \u2013 Formia \u2013 Roma.<\/p>\n<p>&nbsp;<\/p>\n","protected":false},"excerpt":{"rendered":"<p>LATINA &#8211; Se tutto andr\u00e0 bene, ci vorranno ancora 24 ore per risolvere i problemi causati dal deragliamento di un treno dell&#8217;Alta Velocit\u00e0 avvenuto in prossimit\u00e0 di Roma Prenestina lo scorso venerd\u00ec 3 giugno. In attesa della conclusione dei lavori di completo ripristino dell\u2019infrastruttura proseguono i disagi causati dalle modifiche al programma di circolazione dei [&hellip;]<\/p>\n","protected":false},"author":60,"featured_media":289041,"comment_status":"open","ping_status":"open","sticky":false,"template":"","format":"standard","meta":{"footnotes":""},"categories":[7],"tags":[],"class_list":["post-312425","post","type-post","status-publish","format-standard","has-post-thumbnail","hentry","category-cronaca"],"_links":{"self":[{"href":"https:\/\/www.radioluna.it\/news\/wp-json\/wp\/v2\/posts\/312425","targetHints":{"allow":["GET"]}}],"collection":[{"href":"https:\/\/www.radioluna.it\/news\/wp-json\/wp\/v2\/posts"}],"about":[{"href":"https:\/\/www.radioluna.it\/news\/wp-json\/wp\/v2\/types\/post"}],"author":[{"embeddable":true,"href":"https:\/\/www.radioluna.it\/news\/wp-json\/wp\/v2\/users\/60"}],"replies":[{"embeddable":true,"href":"https:\/\/www.radioluna.it\/news\/wp-json\/wp\/v2\/comments?post=312425"}],"version-history":[{"count":0,"href":"https:\/\/www.radioluna.it\/news\/wp-json\/wp\/v2\/posts\/312425\/revisions"}],"wp:featuredmedia":[{"embeddable":true,"href":"https:\/\/www.radioluna.it\/news\/wp-json\/wp\/v2\/media\/289041"}],"wp:attachment":[{"href":"https:\/\/www.radioluna.it\/news\/wp-json\/wp\/v2\/media?parent=312425"}],"wp:term":[{"taxonomy":"category","embeddable":true,"href":"https:\/\/www.radioluna.it\/news\/wp-json\/wp\/v2\/categories?post=312425"},{"taxonomy":"post_tag","embeddable":true,"href":"https:\/\/www.radioluna.it\/news\/wp-json\/wp\/v2\/tags?post=312425"}],"curies":[{"name":"wp","href":"https:\/\/api.w.org\/{rel}","templated":true}]}}