{"id":312586,"date":"2022-06-09T13:12:53","date_gmt":"2022-06-09T11:12:53","guid":{"rendered":"https:\/\/www.radioluna.it\/news\/?p=312586"},"modified":"2022-06-09T13:55:38","modified_gmt":"2022-06-09T11:55:38","slug":"erosione-della-costa-muzio-serve-cabina-di-regia-per-soluzioni-comuni","status":"publish","type":"post","link":"https:\/\/www.radioluna.it\/news\/2022\/06\/erosione-della-costa-muzio-serve-cabina-di-regia-per-soluzioni-comuni\/","title":{"rendered":"Erosione della costa, Muzio: &#8220;Serve cabina di regia per soluzioni comuni&#8221;"},"content":{"rendered":"<div id=\"fb-root\"><\/div>\n<p style=\"text-align: justify;\"><strong>LATINA &#8211;<\/strong> La Commissione sviluppo e tutela del territorio della Provincia, su iniziativa del presidente Annalisa Muzio, ha discusso nella seduta odierna un documento di indirizzo che impegna alla costituzione di una cabina di regia con i Comuni costieri per la difesa e la salvaguardia della costa dai fenomeni dell\u2019erosione e dei cambiamenti climatici con l\u2019obiettivo\u00a0 di avviare un\u2019attivit\u00e0 di programmazione che possa avere effetto nel medio e lungo periodo attraverso progetti organici e interventi di protezione della costa pontina stabili, duraturi e non impattanti.<\/p>\n<p style=\"text-align: justify;\">&#8220;L\u2019istituzione di una cabina di regia con comuni costieri, strutturata su diverse aree di Azione su tematiche ambientali, incluse quelle attinenti alla fascia costiera consentirebbe di coordinare in maniera unitaria le esigenze del territorio per assicurare l\u2019attuazione di attivit\u00e0 di programmazione e promozione finalizzate al raggiungimento di politiche unitarie e coordinate rispetto al tema della tutela e della promozione della costa &#8211; si legge in una nota dell&#8217;Ente -; di presentarsi come soggetto interlocutore unitario e diretto con la Regione Lazio, anche al fine di far diventare il tema della costa e del mare una priorit\u00e0 sugli investimenti regionali; grazie all\u2019adesione al nuovo strumento di coordinamento i comuni costieri potrebbero assolvere alla funzione di supervisione delle coste costituendo un vero e proprio \u201cOsservatorio del mare\u201d anche per le tematiche di tutela ambientale e paesaggistica intesa come sviluppo armonico delle attivit\u00e0 costiere; di utilizzare gli studi della costa e delle sabbie gi\u00e0 in possesso dei comuni che hanno provveduto in autonomia&#8221;. spiegano&#8221;.<\/p>\n<p style=\"text-align: justify;\">Nell\u2019atto di indirizzo si individuano le possibili azioni da mettere in campo da parte della cabina di regia con il coordinamento della Provincia: ripascimento, difesa della costa, mobilit\u00e0 sostenibile, gestione dei rifiuti, qualit\u00e0 delle acque, investimenti sul turismo, inclusivit\u00e0 ed accessibilit\u00e0 dei litorali, destagionalizzazione delle attivit\u00e0 balneari, turismo green, promozione delle attivit\u00e0 connesse ai contratti di fiume, costa e lago, sostegno alle attivit\u00e0 imprenditoriali che promuovono turismo. \u201cQuesto documento \u00e8 aperto alle osservazioni di tutte le forze politiche \u2013 ha sottolineato Annalisa Muzio \u2013 e l\u2019idea \u00e8 fare fronte comune per intervenire sul nostro litorale e non solo per il problema dell\u2019erosione ma in un contesto pi\u00f9 ampio con l\u2019obiettivo di valorizzare il mare, importante risorsa per il nostro territorio\u201d.<\/p>\n<p style=\"text-align: justify;\">\u201cLa cabina di regia \u2013 ha aggiunto il capogruppo di Forza Italia Vincenzo Mattei \u2013 rappresenta uno strumento che, d\u2019intesa anche con il presidente Stefanelli \u2013 dar\u00e0 a disposizione di tutte le amministrazioni comunali alle quali chiederemo di collaborare\u201d. La riunione \u00e8 stata aggiornata a mercoled\u00ec prossimo per eventuali modifiche e per l\u2019approvazione dell\u2019atto che passer\u00e0 poi all\u2019esame del Consiglio provinciale per il via libera definitivo.<\/p>\n","protected":false},"excerpt":{"rendered":"<p>LATINA &#8211; La Commissione sviluppo e tutela del territorio della Provincia, su iniziativa del presidente Annalisa Muzio, ha discusso nella seduta odierna un documento di indirizzo che impegna alla costituzione di una cabina di regia con i Comuni costieri per la difesa e la salvaguardia della costa dai fenomeni dell\u2019erosione e dei cambiamenti climatici con [&hellip;]<\/p>\n","protected":false},"author":60,"featured_media":312587,"comment_status":"open","ping_status":"open","sticky":false,"template":"","format":"standard","meta":{"footnotes":""},"categories":[8],"tags":[],"class_list":["post-312586","post","type-post","status-publish","format-standard","has-post-thumbnail","hentry","category-politica"],"_links":{"self":[{"href":"https:\/\/www.radioluna.it\/news\/wp-json\/wp\/v2\/posts\/312586","targetHints":{"allow":["GET"]}}],"collection":[{"href":"https:\/\/www.radioluna.it\/news\/wp-json\/wp\/v2\/posts"}],"about":[{"href":"https:\/\/www.radioluna.it\/news\/wp-json\/wp\/v2\/types\/post"}],"author":[{"embeddable":true,"href":"https:\/\/www.radioluna.it\/news\/wp-json\/wp\/v2\/users\/60"}],"replies":[{"embeddable":true,"href":"https:\/\/www.radioluna.it\/news\/wp-json\/wp\/v2\/comments?post=312586"}],"version-history":[{"count":0,"href":"https:\/\/www.radioluna.it\/news\/wp-json\/wp\/v2\/posts\/312586\/revisions"}],"wp:featuredmedia":[{"embeddable":true,"href":"https:\/\/www.radioluna.it\/news\/wp-json\/wp\/v2\/media\/312587"}],"wp:attachment":[{"href":"https:\/\/www.radioluna.it\/news\/wp-json\/wp\/v2\/media?parent=312586"}],"wp:term":[{"taxonomy":"category","embeddable":true,"href":"https:\/\/www.radioluna.it\/news\/wp-json\/wp\/v2\/categories?post=312586"},{"taxonomy":"post_tag","embeddable":true,"href":"https:\/\/www.radioluna.it\/news\/wp-json\/wp\/v2\/tags?post=312586"}],"curies":[{"name":"wp","href":"https:\/\/api.w.org\/{rel}","templated":true}]}}