{"id":312707,"date":"2022-06-11T11:39:22","date_gmt":"2022-06-11T09:39:22","guid":{"rendered":"https:\/\/www.radioluna.it\/news\/?p=312707"},"modified":"2022-06-16T12:27:25","modified_gmt":"2022-06-16T10:27:25","slug":"latina-il-consiglio-comunale-approva-il-bilancio-di-previsione-il-sindaco-coletta-inizia-il-secondo-tempo-per-latina","status":"publish","type":"post","link":"https:\/\/www.radioluna.it\/news\/2022\/06\/latina-il-consiglio-comunale-approva-il-bilancio-di-previsione-il-sindaco-coletta-inizia-il-secondo-tempo-per-latina\/","title":{"rendered":"Latina, il consiglio comunale approva il bilancio di previsione, il sindaco Coletta: &#8220;Inizia il secondo tempo per Latina&#8221;"},"content":{"rendered":"<div id=\"fb-root\"><\/div>\n<p style=\"text-align: justify;\"><strong>LATINA<\/strong> &#8211; Dopo una lunga maratona cominciata venerd\u00ec mattina, il consiglio comunale di Latina ha <strong>approvato il Bilancio di previsione e il Dup<\/strong>. \u00a0Trovata la copertura per somme importanti derivate da debiti, e per l&#8217; aumento dei costi dell\u2019energia, finanziata la stagione culturale del D\u2019Annunzio, la biblioteca e trovata la copertura per 97 assunzioni di personale. Un lungo passaggio hanno richiesto i crediti di dubbia esigibilit\u00e0, soprattutto le tasse versate da poco pi\u00f9 della met\u00e0 dei cittadini.<\/p>\n<p style=\"text-align: justify;\">In apertura del punto ha parlato il sindaco Damiano Coletta, poi ha tenuto la sua illustrazione <strong>l\u2019assessore Massimo Mellacina,<\/strong> quindi gli assessori sulle singole poste.<\/p>\n<p style=\"text-align: justify;\">Poco prima dell&#8217;una di notte il bilancio di previsione \u00e8 stato<strong> approvato con i 17 voti della maggioranza programmatica<\/strong>, dopo i 40 emendamenti presentati dalla minoranza.<\/p>\n<p style=\"text-align: justify;\"><strong>Esulta il sindaco Coletta<\/strong>: &#8220;Questa notte abbiamo approvato il bilancio previsionale, una tappa fondamentale per la vita della nostra citt\u00e0. Voglio ringraziare i componenti della coalizione di maggioranza, insieme abbiamo dimostrato una grande compattezza e l&#8217;approvazione di alcuni emendamenti proposti dall&#8217;opposizione non fa altro che confermare la volont\u00e0 da parte nostra di lavorare in maniera sinergica con tutti per il bene di Latina. \u00c8 stato un bilancio difficile, abbiamo affrontato difficolt\u00e0 causate direttamente o indirettamente dalla guerra in Ucraina e per questo ci tengo in maniera particolare a ringraziare l&#8217;assessore Massimo Mellacina, tutta la Giunta, il dirigente Diego Vicaro e tutti gli uffici che hanno portato a termine un lavoro estremamente complesso.<br \/>\nInizia ora il secondo tempo per Latina, la disponibilit\u00e0 economica assicurata dall&#8217;approvazione del bilancio ci consentir\u00e0 di cambiare marcia nell&#8217;amministrazione di questa citt\u00e0. Penso ai servizi come la manutenzione delle strade, la gestione del verde e il miglioramento delle performance nella raccolta dei rifiuti, ma anche allo sviluppo di Latina coerente con una visione di citt\u00e0 inclusiva, accessibile, a misura di bambini e di adulti, universitaria, sostenibile. Come diceva Giorgio La Pira, una citt\u00e0 in cui vi sia un posto per tutti: &#8220;un posto per pregare, un posto per amare, un posto per lavorare, un posto per pensare, un posto per guarire&#8221;.<\/p>\n<p style=\"text-align: justify;\">\u00abIl Dup, come gi\u00e0 le linee di mandato approvate a dicembre scorso e attorno alle quali si snoda il Documento unico di programmazione, racconta dove vuole andare questa maggioranza; una maggioranza composita, fatta di anime s\u00ec diverse ma che sostengono e condividono gli indirizzi strategici e gli obiettivi operativi contenuti nel programma &#8211; \u00e8 il parere di <strong>Daniela Fiore, consigliera del Pd &#8211;<\/strong> Gli impegni presi &#8211; aggiunge\u00a0 &#8211; trovano riscontro nella relazione positiva dei revisori dei conti che, come sottolineato dall\u2019assessore Mellacina, hanno rinvenuto nel bilancio caratteristiche di coerenza, congruit\u00e0 e attendibilit\u00e0 contabile. L\u2019epoca delle previsioni inattendibili appartiene al passato di questa citt\u00e0&#8221;.<\/p>\n<p style=\"text-align: justify;\">\u201cUn documento che contiene, nonostante il momento storico di emergenza costante, che stiamo vivendo ormai da tre anni, una distribuzione equilibrata e sostenibile di risorse ben calibrata in tutti i settori anche<br \/>\nquelli dello sport, della disabilit\u00e0, del welfare, del turismo, del litorale e dei borghi che, fino ad oggi, non avevano avuto risorse sufficienti\u201d, \u00e8 il primo commento della consigliera di <strong>Fare Latina, Annalisa Muzio<\/strong>.<\/p>\n<p>Per <strong>Latina nel cuore<\/strong>, la lista guidata dall\u2019ex sindaco Vincenzo Zaccheo voto negativo: &#8220;No ad un bilancio senz&#8217;anima e privo di prospettive future per la citt\u00e0. Il sindaco Coletta\u00a0 &#8211; si legge nella nota politica &#8211; campione di iniquit\u00e0 fiscale&#8221;.<\/p>\n","protected":false},"excerpt":{"rendered":"<p>LATINA &#8211; Dopo una lunga maratona cominciata venerd\u00ec mattina, il consiglio comunale di Latina ha approvato il Bilancio di previsione e il Dup. \u00a0Trovata la copertura per somme importanti derivate da debiti, e per l&#8217; aumento dei costi dell\u2019energia, finanziata la stagione culturale del D\u2019Annunzio, la biblioteca e trovata la copertura per 97 assunzioni di [&hellip;]<\/p>\n","protected":false},"author":62,"featured_media":312718,"comment_status":"open","ping_status":"open","sticky":false,"template":"","format":"standard","meta":{"footnotes":""},"categories":[8],"tags":[],"class_list":["post-312707","post","type-post","status-publish","format-standard","has-post-thumbnail","hentry","category-politica"],"_links":{"self":[{"href":"https:\/\/www.radioluna.it\/news\/wp-json\/wp\/v2\/posts\/312707","targetHints":{"allow":["GET"]}}],"collection":[{"href":"https:\/\/www.radioluna.it\/news\/wp-json\/wp\/v2\/posts"}],"about":[{"href":"https:\/\/www.radioluna.it\/news\/wp-json\/wp\/v2\/types\/post"}],"author":[{"embeddable":true,"href":"https:\/\/www.radioluna.it\/news\/wp-json\/wp\/v2\/users\/62"}],"replies":[{"embeddable":true,"href":"https:\/\/www.radioluna.it\/news\/wp-json\/wp\/v2\/comments?post=312707"}],"version-history":[{"count":0,"href":"https:\/\/www.radioluna.it\/news\/wp-json\/wp\/v2\/posts\/312707\/revisions"}],"wp:featuredmedia":[{"embeddable":true,"href":"https:\/\/www.radioluna.it\/news\/wp-json\/wp\/v2\/media\/312718"}],"wp:attachment":[{"href":"https:\/\/www.radioluna.it\/news\/wp-json\/wp\/v2\/media?parent=312707"}],"wp:term":[{"taxonomy":"category","embeddable":true,"href":"https:\/\/www.radioluna.it\/news\/wp-json\/wp\/v2\/categories?post=312707"},{"taxonomy":"post_tag","embeddable":true,"href":"https:\/\/www.radioluna.it\/news\/wp-json\/wp\/v2\/tags?post=312707"}],"curies":[{"name":"wp","href":"https:\/\/api.w.org\/{rel}","templated":true}]}}