{"id":312916,"date":"2022-06-15T12:39:46","date_gmt":"2022-06-15T10:39:46","guid":{"rendered":"https:\/\/www.radioluna.it\/news\/?p=312916"},"modified":"2022-06-16T12:27:38","modified_gmt":"2022-06-16T10:27:38","slug":"la-roma-latina-si-fara-calandrini-rassicurazioni-dal-ministro","status":"publish","type":"post","link":"https:\/\/www.radioluna.it\/news\/2022\/06\/la-roma-latina-si-fara-calandrini-rassicurazioni-dal-ministro\/","title":{"rendered":"La Roma-Latina si far\u00e0. Calandrini: &#8220;Rassicurazioni dal Ministro&#8221;"},"content":{"rendered":"<div id=\"fb-root\"><\/div>\n<p style=\"text-align: justify;\"><strong>LATINA<\/strong> &#8211; La Roma-Latina si far\u00e0, le risorse ci sono anche se non sono definiti i tempi. Lo annuncia il senatore di Fratelli D&#8217;Italia Nicola Calandrini dopo aver incontrato il ministro alle Infrastrutture Giovannini accompagnato dal capogruppo di Fratelli d&#8217;Italia in Senato Luca Ciriani (in foto al Mit).<br \/>\n&#8220;Dal confronto\u00a0 &#8211; spiega il senatore pontino &#8211; \u00e8 emerso che la Roma-Latina sar\u00e0 realizzata in house dalla nuova societ\u00e0 che il Ministero delle Infrastrutture ha creato per la gestione della rete autostradale. Questo permetter\u00e0 di ridurre il costo dell\u2019opera e possibilmente anche i tempi di realizzazione, considerato che non ci sar\u00e0 pi\u00f9 una gara pubblica e che il soggetto attuatore sar\u00e0 una societ\u00e0 partecipata dello Stato. Attualmente Astral si sta occupando della revisione del progetto. Quando questa revisione sar\u00e0 completata sar\u00e0 possibile avere una stima dei costi definitivi e dei tempi di realizzazione. Il Ministero ha garantito che, mancando l\u2019esigenza di avere margini di guadagno come accade quando la gestione \u00e8 affidata ad un privato, la realizzazione dell\u2019opera avr\u00e0 un costo inferiore rispetto alle cifre conosciute finora. Si tratter\u00e0 in ogni caso di importi totalmente a carico dello Stato, sui quali, a detta del MIT, al momento non esistono criticit\u00e0, e se anche dovessero sorgere, ci\u00f2 non porter\u00e0 a decisioni contrarie alla realizzazione dell&#8217;infrastruttura. I risparmi per la realizzazione della Roma-Latina saranno probabilmente dirottati sulla Cisterna-Valmontone, di cui si occuper\u00e0 Astral, che invece affronta un aumento dei costi di realizzazione dovuto anche al caro materie prime.<br \/>\nIl Ministro Giovannini ha detto chiaramente che la Roma-Latina resta un\u2019opera molto importante che il Governo vuole realizzare il prima possibile e pertanto sta facendo di tutto per accelerare i tempi. \u00c8 stata anche riconosciuta l\u2019importanza e il ruolo strategico della Cisterna-Valmontone.<br \/>\nAttendiamo il progetto definitivo della Roma-Latina, e ci auguriamo che non sia una revisione al ribasso che comprometta l\u2019utilit\u00e0 dell\u2019infrastruttura e la capacit\u00e0 di agevolare il collegamento tra la capitale e il capoluogo pontino. Per ammissione dello stesso Ministro, gi\u00e0 si \u00e8 perso fin troppo tempo. Auspichiamo che non se ne perda ancora e che sia fatto il possibile per arrivare all\u2019apertura dei cantieri quanto prima, affinch\u00e9 Latina possa uscire dal suo isolamento&#8221;, conclude Calandrini.<\/p>\n","protected":false},"excerpt":{"rendered":"<p>LATINA &#8211; La Roma-Latina si far\u00e0, le risorse ci sono anche se non sono definiti i tempi. Lo annuncia il senatore di Fratelli D&#8217;Italia Nicola Calandrini dopo aver incontrato il ministro alle Infrastrutture Giovannini accompagnato dal capogruppo di Fratelli d&#8217;Italia in Senato Luca Ciriani (in foto al Mit). &#8220;Dal confronto\u00a0 &#8211; spiega il senatore pontino [&hellip;]<\/p>\n","protected":false},"author":62,"featured_media":312917,"comment_status":"open","ping_status":"open","sticky":false,"template":"","format":"standard","meta":{"footnotes":""},"categories":[735],"tags":[],"class_list":["post-312916","post","type-post","status-publish","format-standard","has-post-thumbnail","hentry","category-attualita"],"_links":{"self":[{"href":"https:\/\/www.radioluna.it\/news\/wp-json\/wp\/v2\/posts\/312916","targetHints":{"allow":["GET"]}}],"collection":[{"href":"https:\/\/www.radioluna.it\/news\/wp-json\/wp\/v2\/posts"}],"about":[{"href":"https:\/\/www.radioluna.it\/news\/wp-json\/wp\/v2\/types\/post"}],"author":[{"embeddable":true,"href":"https:\/\/www.radioluna.it\/news\/wp-json\/wp\/v2\/users\/62"}],"replies":[{"embeddable":true,"href":"https:\/\/www.radioluna.it\/news\/wp-json\/wp\/v2\/comments?post=312916"}],"version-history":[{"count":0,"href":"https:\/\/www.radioluna.it\/news\/wp-json\/wp\/v2\/posts\/312916\/revisions"}],"wp:featuredmedia":[{"embeddable":true,"href":"https:\/\/www.radioluna.it\/news\/wp-json\/wp\/v2\/media\/312917"}],"wp:attachment":[{"href":"https:\/\/www.radioluna.it\/news\/wp-json\/wp\/v2\/media?parent=312916"}],"wp:term":[{"taxonomy":"category","embeddable":true,"href":"https:\/\/www.radioluna.it\/news\/wp-json\/wp\/v2\/categories?post=312916"},{"taxonomy":"post_tag","embeddable":true,"href":"https:\/\/www.radioluna.it\/news\/wp-json\/wp\/v2\/tags?post=312916"}],"curies":[{"name":"wp","href":"https:\/\/api.w.org\/{rel}","templated":true}]}}