{"id":313008,"date":"2022-06-17T06:52:04","date_gmt":"2022-06-17T04:52:04","guid":{"rendered":"https:\/\/www.radioluna.it\/news\/?p=313008"},"modified":"2022-06-19T12:56:59","modified_gmt":"2022-06-19T10:56:59","slug":"transizione-ecologica-e-digitale-del-mare-a-gaeta-comincia-il-summit-blue-forum-italia-network","status":"publish","type":"post","link":"https:\/\/www.radioluna.it\/news\/2022\/06\/transizione-ecologica-e-digitale-del-mare-a-gaeta-comincia-il-summit-blue-forum-italia-network\/","title":{"rendered":"A Gaeta, il Summit Blue Forum Italia Network, da Bruxelles il messaggio della Presidente Metsola"},"content":{"rendered":"<div id=\"fb-root\"><\/div>\n<p><iframe loading=\"lazy\" style=\"border: none; overflow: hidden;\" src=\"https:\/\/www.facebook.com\/plugins\/video.php?height=317&amp;href=https%3A%2F%2Fwww.facebook.com%2Finformareaziendaspeciale%2Fvideos%2F745743063215513%2F&amp;show_text=false&amp;width=560&amp;t=0\" width=\"560\" height=\"317\" frameborder=\"0\" scrolling=\"no\" allowfullscreen=\"allowfullscreen\"><\/iframe><\/p>\n<p style=\"text-align: justify;\"><strong>GAETA<\/strong> &#8211; Si \u00e8 aperto alla presenza delle autorit\u00e0 nazionali e provinciali oggi, enerd\u00ec 17 giugno, il 1\u00b0 Summit Blue Forum Italia Network. Una due giorni che vedr\u00e0 i principali attori dell\u2019Economia del Mare confrontarsi sulle tematiche della transizione ecologica e digitale del mare, con l\u2019obiettivo di cogliere le opportunit\u00e0 del percorso verso un\u2019Economia del Mare Sostenibile tracciate dalla comunicazione 240 Final del 17 maggio 2021 della Commissione europea. Gli utenti del mare si ritrovano a Gaeta, insieme a esponenti del Governo, rappresentanti dei principali organi istituzionali e associativi nazionali ed europei, autorit\u00e0 militari, imprese e importanti realt\u00e0 operanti nel settore.<\/p>\n<p style=\"text-align: justify;\">\u201cDobbiamo collaborare, lavorare insieme, autorit\u00e0 e cittadini, verso una transizione ecologica, per un\u2019economia del Mare sostenibile. Il Parlamento Europeo \u00e8 dalla vostra parte\u201d. Lo ha detto la Presidente Roberta Metsola in collegamento con Gaeta durante il primo appuntamento della mattinata con La Rete istituzionale del mare.<\/p>\n<p style=\"text-align: justify;\">&#8220;L\u2019Europa ci ha lanciato una sfida e noi l\u2019abbiamo raccolta: passare dall\u2019Economia blu ad un\u2019Economia blu sostenibile per realizzare gli obiettivi ambiziosi del Green Deal di riduzione delle emissioni di carbonio di almeno il 55% entro il 2030 e per conseguire la neutralit\u00e0 climatica entro il 2050&#8221;, ha detto il presidente di Assonautica Italiana, SiCamera e della Camera di Commercio di Frosinone Latina, Giovanni Acampora aprendo \u00a0i lavori \u00a0Dobbiamo partire da questo incontro per connettere sempre di pi\u00f9 tutte le realt\u00e0, gli eventi, i progetti, le idee degli utenti del mare, in un\u2019unica grande e forte rete che ci conduca verso la transizione ecologica della Blue Economy.<\/p>\n<p style=\"text-align: justify;\">Citando il Manifesto di Ventotene, Altiero Spinelli e Ernesto Rossi ha paragonato la loro sfida a quella di oggi: &#8220;Erano dei visionari, forse oggi lo siamo anche noi. Dobbiamo partire da questo incontro per connettere sempre di pi\u00f9 tutte le realt\u00e0, gli eventi, i progetti, le idee degli utenti del mare, in un\u2019unica grande e forte rete che ci conduca verso la transizione ecologica della Blue Economy. E&amp;#39; arrivato il momento di fare tutti la nostra parte&#8221;, ha concluso Acampora.<\/p>\n<p style=\"text-align: justify;\">A Gaeta\u00a0 sono intervenuti al primo appuntamento della mattinata, Andrea Prete &#8211; Presidente Unioncamere; Daniele Leodori \u2013 Vicepresidente Regione Lazio; Ettore Rosato &#8211; Vice Presidente Camera dei Deputati; Antonella Polimeni &#8211; Rettrice Sapienza Universit\u00e0 di Roma; Ammiraglio Enrico Credendino &#8211; Capo di Stato Maggiore Marina Militare; Ammiraglio Ispettore (CP) Pietro Vella &#8211; Direttore marittimo Campania e Comandante Porto di Napoli; Generale B. Christian Tettamanti &#8211; Capo Centrale Operativa Comando Generale Guardia di Finanza; Ilaria Fontana &#8211; Sottosegretaria di Stato al Ministero della Transizione ecologica; Carlo Sangalli \u2013 Presidente Confcommercio; Dario Costantini \u2013 Presidente CNA; Silvia Costa &#8211; Commissaria straordinaria di Governo per il recupero dell\u2019ex carcere borbonico di S. Stefano a Ventotene &#8211; David Sassoli. Ha concluso i lavori S.E. Maurizio Falco &#8211; Prefetto di Latina. Il prossimo appuntamento in programma \u00e8 con la presentazione del X Rapporto sull&#8217;Economia del Mare. Modera gli interventi Nunzia De Girolamo.<\/p>\n<p style=\"text-align: justify;\"><strong>IL PROGRAMMA &#8211;<\/strong><\/p>\n<p style=\"text-align: justify;\">Sabato \u00e8 in programma il confronto La rete degli utenti del mare per la transizione dalla Crescita Blu a un&#8217;Economia del Mare sostenibile con quattro specifici panel che coinvolgono tutti i settori dell\u2019Economia del Mare, che vedranno la partecipazione dei Ministri Di Maio, Brunetta, Patuanelli, Cingolani e dei Viceministri Castelli e Todde. Al termine dei lavori verr\u00e0 assegnato il premio \u201cBlue Economy Start Up AWARD 2022\u201d. Nel pomeriggio \u00e8 in programma la VI edizione della Conferenza di sistema di Assonautica Italiana che sar\u00e0 all&#8217;insegna del 50\u00b0 anniversario dell&#8217;Associazione.<\/p>\n\n\t\t<div class=\"wppdfemb-frame-container-1\" style=\"-webkit-overflow-scrolling:auto;\">\n\t\t\t<iframe class=\"pdfembed-iframe nonfullscreen wppdf-emb-iframe-1\"\n\t\t\t\tsrc=\"https:\/\/www.radioluna.it\/news\/?pdfemb-data=eyJ1cmwiOiJodHRwczpcL1wvd3d3LnJhZGlvbHVuYS5pdFwvbmV3c1wvd3AtY29udGVudFwvdXBsb2Fkc1wvMjAyMlwvMDZcL1Byb2dyYW1tYS1TdW1taXQtQmx1ZS1Gb3J1bS1JdGFsaWEtTmV0d29yay5wZGYiLCJ0aXRsZSI6IlByb2dyYW1tYSBTdW1taXQgQmx1ZSBGb3J1bSBJdGFsaWEgTmV0d29yayIsImluZGV4IjoxLCJwZGZJRCI6MzEzMDExfQ\"\n\t\t\t\ttitle=\"Programma Summit Blue Forum Italia Network\"\t\t\t\tdata-pdf-id=\"313011\"\n\t\t\t\tdata-pdf-index=\"1\"\n\t\t\t\tstyle=\"border:none;width:100%;max-width:100%;height:100vh;\"\n\t\t\t\tscrolling=\"yes\">\n\t\t\t<\/iframe>\n\t\t<\/div>\n\n\t\t\n<p style=\"text-align: justify;\">\n","protected":false},"excerpt":{"rendered":"<p>GAETA &#8211; Si \u00e8 aperto alla presenza delle autorit\u00e0 nazionali e provinciali oggi, enerd\u00ec 17 giugno, il 1\u00b0 Summit Blue Forum Italia Network. Una due giorni che vedr\u00e0 i principali attori dell\u2019Economia del Mare confrontarsi sulle tematiche della transizione ecologica e digitale del mare, con l\u2019obiettivo di cogliere le opportunit\u00e0 del percorso verso un\u2019Economia del [&hellip;]<\/p>\n","protected":false},"author":60,"featured_media":313048,"comment_status":"open","ping_status":"open","sticky":false,"template":"","format":"standard","meta":{"footnotes":""},"categories":[735],"tags":[],"class_list":["post-313008","post","type-post","status-publish","format-standard","has-post-thumbnail","hentry","category-attualita"],"_links":{"self":[{"href":"https:\/\/www.radioluna.it\/news\/wp-json\/wp\/v2\/posts\/313008","targetHints":{"allow":["GET"]}}],"collection":[{"href":"https:\/\/www.radioluna.it\/news\/wp-json\/wp\/v2\/posts"}],"about":[{"href":"https:\/\/www.radioluna.it\/news\/wp-json\/wp\/v2\/types\/post"}],"author":[{"embeddable":true,"href":"https:\/\/www.radioluna.it\/news\/wp-json\/wp\/v2\/users\/60"}],"replies":[{"embeddable":true,"href":"https:\/\/www.radioluna.it\/news\/wp-json\/wp\/v2\/comments?post=313008"}],"version-history":[{"count":0,"href":"https:\/\/www.radioluna.it\/news\/wp-json\/wp\/v2\/posts\/313008\/revisions"}],"wp:featuredmedia":[{"embeddable":true,"href":"https:\/\/www.radioluna.it\/news\/wp-json\/wp\/v2\/media\/313048"}],"wp:attachment":[{"href":"https:\/\/www.radioluna.it\/news\/wp-json\/wp\/v2\/media?parent=313008"}],"wp:term":[{"taxonomy":"category","embeddable":true,"href":"https:\/\/www.radioluna.it\/news\/wp-json\/wp\/v2\/categories?post=313008"},{"taxonomy":"post_tag","embeddable":true,"href":"https:\/\/www.radioluna.it\/news\/wp-json\/wp\/v2\/tags?post=313008"}],"curies":[{"name":"wp","href":"https:\/\/api.w.org\/{rel}","templated":true}]}}