{"id":313010,"date":"2022-06-16T19:04:28","date_gmt":"2022-06-16T17:04:28","guid":{"rendered":"https:\/\/www.radioluna.it\/news\/?p=313010"},"modified":"2022-06-16T19:04:28","modified_gmt":"2022-06-16T17:04:28","slug":"latina-spazi-comunali-campagna-lbc-assicurare-gratuita-a-associazioni-senza-scopo-di-lucro","status":"publish","type":"post","link":"https:\/\/www.radioluna.it\/news\/2022\/06\/latina-spazi-comunali-campagna-lbc-assicurare-gratuita-a-associazioni-senza-scopo-di-lucro\/","title":{"rendered":"Spazi comunali, Campagna (Lbc): &#8220;Assicurare gratuit\u00e0 a associazioni senza scopo di lucro&#8221;"},"content":{"rendered":"<div id=\"fb-root\"><\/div>\n<p style=\"text-align: justify;\"><strong>LATINA<\/strong> &#8211; \u201c\u00c8 necessario avviare l\u2019iter per la modifica del regolamento affinch\u00e9 si possa assicurare, alla pi\u00f9 ampia platea di soggetti beneficiari, la fruizione degli spazi del Comune\u201d. Cos\u00ec Valeria Campagna, Capogruppo di Latina Bene Comune, quando si discuteva il primo punto all\u2019ordine del giorno dell\u2019odierna Commissione Cultura, quello avente ad oggetto \u201cApprovazione modifiche ed integrazioni Regolamento per la concessione in uso temporaneo di strutturale comunali\u201d. La delegata dal Sindaco alle Politiche sugli Spazi, ha proposto di revisionare il regolamento innanzitutto procedendo all\u2019aggiunta di ulteriori spazi \u2013 come proposto dall\u2019Assessora Pazienti \u2013 ma anche modificando la disciplina che regolamenta la concessione di queste strutture: \u201cAd oggi \u2013 spiega \u2013 \u00e8 previsto che gli spazi vengano concessi in modo gratuito per mezzo di una delibera di giunta, ma non sono disciplinati i requisiti e le modalit\u00e0 di concessione. Sarebbe opportuno, dunque, definire questi parametri nel tentativo di garantire la gratuit\u00e0 degli stessi per associazioni e gruppi locali che ne volessero fruire (senza scopo di lucro) per attivit\u00e0 culturali, aggregative o divulgative\u201d. L\u2019indirizzo, emerso nell\u2019odierna commissione, \u00e8 stato recepito dall\u2019assessora e dagli uffici competenti che elaboreranno la proposta di delibera che verr\u00e0 votata in una prossima seduta di Commissione. \u201cRingrazio \u2013 aggiunge \u2013 l\u2019Assessora Pazienti per la sensibilit\u00e0 dedicata al tema ed il Presidente di Commissione Anzalone per aver portato, all\u2019attenzione del tavolo dei commissari, il dibattito su un tema cos\u00ec importante\u201d.<\/p>\n<p style=\"text-align: justify;\">\u201cSi tratta di un primo modo \u2013 conclude Campagna \u2013 per sopperire alla perenne carenza di spazi in questa citt\u00e0. Una situazione a cui cittadini ed associazioni, purtroppo, sono tristemente abituati. Ad oggi \u00e8 complicato anche trovare una stanza per tenere un convegno o presentare un libro. La modifica pu\u00f2, in questo senso, venire in aiuto. Ecco perch\u00e9 si ritiene altres\u00ec necessario, come ha giustamente avanzato l\u2019Assessora Pazienti, estendere il novero delle strutture comunali suscettibili a concessione (attualmente rinvenibili all\u2019articolo 2 del regolamento). Per farlo \u00e8 necessaria una ricognizione dell\u2019intero patrimonio comunale, operazione gi\u00e0 in essere dalla giunta e sulla quale auspico una pronta accelerazione\u201d.<\/p>\n","protected":false},"excerpt":{"rendered":"<p>LATINA &#8211; \u201c\u00c8 necessario avviare l\u2019iter per la modifica del regolamento affinch\u00e9 si possa assicurare, alla pi\u00f9 ampia platea di soggetti beneficiari, la fruizione degli spazi del Comune\u201d. Cos\u00ec Valeria Campagna, Capogruppo di Latina Bene Comune, quando si discuteva il primo punto all\u2019ordine del giorno dell\u2019odierna Commissione Cultura, quello avente ad oggetto \u201cApprovazione modifiche ed [&hellip;]<\/p>\n","protected":false},"author":60,"featured_media":302645,"comment_status":"open","ping_status":"open","sticky":false,"template":"","format":"standard","meta":{"footnotes":""},"categories":[2403,8],"tags":[],"class_list":["post-313010","post","type-post","status-publish","format-standard","has-post-thumbnail","hentry","category-le-cose-in-comune","category-politica"],"_links":{"self":[{"href":"https:\/\/www.radioluna.it\/news\/wp-json\/wp\/v2\/posts\/313010","targetHints":{"allow":["GET"]}}],"collection":[{"href":"https:\/\/www.radioluna.it\/news\/wp-json\/wp\/v2\/posts"}],"about":[{"href":"https:\/\/www.radioluna.it\/news\/wp-json\/wp\/v2\/types\/post"}],"author":[{"embeddable":true,"href":"https:\/\/www.radioluna.it\/news\/wp-json\/wp\/v2\/users\/60"}],"replies":[{"embeddable":true,"href":"https:\/\/www.radioluna.it\/news\/wp-json\/wp\/v2\/comments?post=313010"}],"version-history":[{"count":0,"href":"https:\/\/www.radioluna.it\/news\/wp-json\/wp\/v2\/posts\/313010\/revisions"}],"wp:featuredmedia":[{"embeddable":true,"href":"https:\/\/www.radioluna.it\/news\/wp-json\/wp\/v2\/media\/302645"}],"wp:attachment":[{"href":"https:\/\/www.radioluna.it\/news\/wp-json\/wp\/v2\/media?parent=313010"}],"wp:term":[{"taxonomy":"category","embeddable":true,"href":"https:\/\/www.radioluna.it\/news\/wp-json\/wp\/v2\/categories?post=313010"},{"taxonomy":"post_tag","embeddable":true,"href":"https:\/\/www.radioluna.it\/news\/wp-json\/wp\/v2\/tags?post=313010"}],"curies":[{"name":"wp","href":"https:\/\/api.w.org\/{rel}","templated":true}]}}