{"id":313022,"date":"2022-06-16T19:51:02","date_gmt":"2022-06-16T17:51:02","guid":{"rendered":"https:\/\/www.radioluna.it\/news\/?p=313022"},"modified":"2022-06-18T07:25:50","modified_gmt":"2022-06-18T05:25:50","slug":"incendio-malagrotta-gualtieri-rida-di-aprilia-disponibile-ad-accogliere-quantita-di-rifiuti-importanti","status":"publish","type":"post","link":"https:\/\/www.radioluna.it\/news\/2022\/06\/incendio-malagrotta-gualtieri-rida-di-aprilia-disponibile-ad-accogliere-quantita-di-rifiuti-importanti\/","title":{"rendered":"Incendio Malagrotta, Gualtieri: &#8220;Rida di Aprilia disponibile ad accogliere quantit\u00e0 di rifiuti importanti&#8221;"},"content":{"rendered":"<div id=\"fb-root\"><\/div>\n<p style=\"text-align: justify;\"><strong>LATINA<\/strong> &#8211; I danni strutturali all\u2019impianto di Malagrotta e in particolare al Tmb2, che lavorava fino a ieri\u00a0 900 tonnellate al giorno indifferenziata, porteranno i rifiuti di Roma nuovamente ad Aprilia. E&#8217; la soluzione indicata come possibile dal sindaco di Roma Roberto Gualtieri, prima della riunione prevista per il pomeriggio in Prefettura a Roma dove si dovranno decidere le strategie da adottare per affrontare una situazione che si annuncia difficile.<\/p>\n<p style=\"text-align: justify;\">Aprilia \u00e8 una delle strade indicate. Dopo i primi accertamenti sull\u2019impianto e la previsione che potrebbe restare fuori uso per almeno un anno a causa dei gravi danni strutturali subiti, il sindaco di Roma ha reso noto di aver parlato con la Rida di Aprilia che &#8220;ha gi\u00e0 dato disponibilit\u00e0 positive per quantit\u00e0 importanti di rifiuti da trattare&#8221;. Al termine della riunione svoltasi in prefettura a Roma anche alla presenza del presidente della Regione Lazio Zingaretti \u00e8 emerso che l&#8217;impianto di Aprilia dovrebbe accogliere 3.500 tonnellate a settimana, mentre il resto, circa 1.600 tonnellate, potrebbe essere distribuita in piccoli quantitativi negli altri impianti del Lazio.<\/p>\n<p style=\"text-align: justify;\">Intervenendo in collegamento con l&#8217;assise capitolina per aggiornare i consiglieri sul sopralluogo all\u2019impianto andato a fuoco,\u00a0 Gualtieri\u00a0 non ha escluso di ricorrere ai poteri commissariali conferitigli dal governo in materia di rifiuti, se questo si rendesse necessario per superare una situazione di emergenza.<\/p>\n","protected":false},"excerpt":{"rendered":"<p>LATINA &#8211; I danni strutturali all\u2019impianto di Malagrotta e in particolare al Tmb2, che lavorava fino a ieri\u00a0 900 tonnellate al giorno indifferenziata, porteranno i rifiuti di Roma nuovamente ad Aprilia. E&#8217; la soluzione indicata come possibile dal sindaco di Roma Roberto Gualtieri, prima della riunione prevista per il pomeriggio in Prefettura a Roma dove [&hellip;]<\/p>\n","protected":false},"author":62,"featured_media":313024,"comment_status":"open","ping_status":"open","sticky":false,"template":"","format":"standard","meta":{"footnotes":""},"categories":[7],"tags":[],"class_list":["post-313022","post","type-post","status-publish","format-standard","has-post-thumbnail","hentry","category-cronaca"],"_links":{"self":[{"href":"https:\/\/www.radioluna.it\/news\/wp-json\/wp\/v2\/posts\/313022","targetHints":{"allow":["GET"]}}],"collection":[{"href":"https:\/\/www.radioluna.it\/news\/wp-json\/wp\/v2\/posts"}],"about":[{"href":"https:\/\/www.radioluna.it\/news\/wp-json\/wp\/v2\/types\/post"}],"author":[{"embeddable":true,"href":"https:\/\/www.radioluna.it\/news\/wp-json\/wp\/v2\/users\/62"}],"replies":[{"embeddable":true,"href":"https:\/\/www.radioluna.it\/news\/wp-json\/wp\/v2\/comments?post=313022"}],"version-history":[{"count":0,"href":"https:\/\/www.radioluna.it\/news\/wp-json\/wp\/v2\/posts\/313022\/revisions"}],"wp:featuredmedia":[{"embeddable":true,"href":"https:\/\/www.radioluna.it\/news\/wp-json\/wp\/v2\/media\/313024"}],"wp:attachment":[{"href":"https:\/\/www.radioluna.it\/news\/wp-json\/wp\/v2\/media?parent=313022"}],"wp:term":[{"taxonomy":"category","embeddable":true,"href":"https:\/\/www.radioluna.it\/news\/wp-json\/wp\/v2\/categories?post=313022"},{"taxonomy":"post_tag","embeddable":true,"href":"https:\/\/www.radioluna.it\/news\/wp-json\/wp\/v2\/tags?post=313022"}],"curies":[{"name":"wp","href":"https:\/\/api.w.org\/{rel}","templated":true}]}}