{"id":313035,"date":"2022-06-17T08:39:54","date_gmt":"2022-06-17T06:39:54","guid":{"rendered":"https:\/\/www.radioluna.it\/news\/?p=313035"},"modified":"2022-06-18T07:25:30","modified_gmt":"2022-06-18T05:25:30","slug":"riapre-la-ss-156-dei-monti-lepini-dopo-lincendio-nessun-danno-alla-struttura","status":"publish","type":"post","link":"https:\/\/www.radioluna.it\/news\/2022\/06\/riapre-la-ss-156-dei-monti-lepini-dopo-lincendio-nessun-danno-alla-struttura\/","title":{"rendered":"Riapre la SS 156 dei Monti Lepini, dopo l&#8217;incendio nessun danno alla struttura"},"content":{"rendered":"<div id=\"fb-root\"><\/div>\n<p style=\"text-align: justify;\"><strong>SEZZE<\/strong> &#8211; Da ieri sera la SS 156 dei Monti Lepini \u00e8 aperta. Buone notizie sono arrivate dai tecnici dell&#8217;Anas, l&#8217;ente gestore della strada, dopo i controlli ai piloni del cavalcavia colpiti da un incendio che ha bruciato per ore il materiale plastico presente nel terrapieno sotto la campata utilizzato per attutire le vibrazioni.\u00a0 L&#8217;incendio che aveva costretto alla chiusura un tratto di circa 4 chilometri tra Sezze Scalo e Ceriara, non ha causato danni alla struttura ed \u00e8 arrivato il via libera.<\/p>\n<p style=\"text-align: justify;\">&#8220;Grazie al grande lavoro della Prefettura di Latina, della Polizia Stradale, dell&#8217;ANAS, della Polizia Locale del Comune di Sezze e grazie anche al lavoro delle forze dell&#8217;ordine che hanno controllato il flusso viario con grandi difficolt\u00e0 logistiche e tecniche, i vertici dell&#8217;ANAS hanno stabilito che ad ore si riaprir\u00e0 la 156. Un ringraziamento particolare alla Polizia Stradale che ci \u00e8 stata molto vicina&#8221;, ha scritto su Fb nella serata di ieri il sindaco di Sezze Lidano Lucidi, annunciando la riapertura poi disposta.<\/p>\n","protected":false},"excerpt":{"rendered":"<p>SEZZE &#8211; Da ieri sera la SS 156 dei Monti Lepini \u00e8 aperta. Buone notizie sono arrivate dai tecnici dell&#8217;Anas, l&#8217;ente gestore della strada, dopo i controlli ai piloni del cavalcavia colpiti da un incendio che ha bruciato per ore il materiale plastico presente nel terrapieno sotto la campata utilizzato per attutire le vibrazioni.\u00a0 L&#8217;incendio [&hellip;]<\/p>\n","protected":false},"author":62,"featured_media":313036,"comment_status":"open","ping_status":"open","sticky":false,"template":"","format":"standard","meta":{"footnotes":""},"categories":[7],"tags":[],"class_list":["post-313035","post","type-post","status-publish","format-standard","has-post-thumbnail","hentry","category-cronaca"],"_links":{"self":[{"href":"https:\/\/www.radioluna.it\/news\/wp-json\/wp\/v2\/posts\/313035","targetHints":{"allow":["GET"]}}],"collection":[{"href":"https:\/\/www.radioluna.it\/news\/wp-json\/wp\/v2\/posts"}],"about":[{"href":"https:\/\/www.radioluna.it\/news\/wp-json\/wp\/v2\/types\/post"}],"author":[{"embeddable":true,"href":"https:\/\/www.radioluna.it\/news\/wp-json\/wp\/v2\/users\/62"}],"replies":[{"embeddable":true,"href":"https:\/\/www.radioluna.it\/news\/wp-json\/wp\/v2\/comments?post=313035"}],"version-history":[{"count":0,"href":"https:\/\/www.radioluna.it\/news\/wp-json\/wp\/v2\/posts\/313035\/revisions"}],"wp:featuredmedia":[{"embeddable":true,"href":"https:\/\/www.radioluna.it\/news\/wp-json\/wp\/v2\/media\/313036"}],"wp:attachment":[{"href":"https:\/\/www.radioluna.it\/news\/wp-json\/wp\/v2\/media?parent=313035"}],"wp:term":[{"taxonomy":"category","embeddable":true,"href":"https:\/\/www.radioluna.it\/news\/wp-json\/wp\/v2\/categories?post=313035"},{"taxonomy":"post_tag","embeddable":true,"href":"https:\/\/www.radioluna.it\/news\/wp-json\/wp\/v2\/tags?post=313035"}],"curies":[{"name":"wp","href":"https:\/\/api.w.org\/{rel}","templated":true}]}}