{"id":313054,"date":"2022-06-17T10:42:36","date_gmt":"2022-06-17T08:42:36","guid":{"rendered":"https:\/\/www.radioluna.it\/news\/?p=313054"},"modified":"2022-06-19T12:58:19","modified_gmt":"2022-06-19T10:58:19","slug":"a-cori-torna-il-carosello-storico-apertura-con-il-giuramento-dei-priori","status":"publish","type":"post","link":"https:\/\/www.radioluna.it\/news\/2022\/06\/a-cori-torna-il-carosello-storico-apertura-con-il-giuramento-dei-priori\/","title":{"rendered":"A Cori torna il Carosello Storico, apertura con il Giuramento dei Priori"},"content":{"rendered":"<div id=\"fb-root\"><\/div>\n<p style=\"text-align: justify;\"><strong>CORI<\/strong> &#8211; Dopo due anni di stop forzato, causato dall\u2019emergenza sanitaria, finalmente torna il Carosello Storico dei Priori di Cori. Il primo appuntamento sar\u00e0 sabato prossimo, 18 giugno, alle ore 21.30 in piazza Sant\u2019Oliva con il Giuramento dei Priori. In questi due anni il lavoro dell\u2019Ente Carosello non si \u00e8 comunque fermato ed \u00e8 anzi \u00e8 continuato con eventi, la realizzazione di nuovi consumi, recentemente presentati nel chiostro di San Francesco, e un\u2019intensa attivit\u00e0 di promozione sulle pagine social dell\u2019Ente.<\/p>\n<p style=\"text-align: justify;\">Il Giuramento dei Priori rappresenta l\u2019apertura ufficiale della manifestazione del Carosello Storico e consiste nella nomina delle Magistrature e nel giuramento dei Priori dei tre Rioni (Porta Romana, Signina e Ninfina). Al vespro suoneranno le campane e si dar\u00e0 inizio alla cerimonia. L\u2019evento si svolge alla presenza del rappresentante religioso della Comunit\u00e0 per evidenziare la sacralit\u00e0 del giuramento. L\u2019intero spettacolo viene riproposto esattamente come recitato dagli antichi Statuti Comunali (Statuta Civitatis Corae) del XVI secolo.\u00a0Le tre rappresentanze, una volta raggiunta la piazza seguite da sbandieratori, squilli di trombe e rulli di tamburi, ricevono l\u2019assegnazione dell\u2019incarico. Dopo la benedizione dei due Palii, realizzati dagli artisti locali Galileo Chiominto (Palio Madonna del Soccorso) e Michela Menzocchi (Palio di Sant\u2019Oliva), avviene l\u2019investitura dei cavalieri delle tre Porte.<\/p>\n<p style=\"text-align: justify;\">\u201cFinalmente \u2013 dice il sindaco di Cori, Mauro De Lillis &#8211; tornano il Carosello Storico e il Palio, segnando una sorta di rinascita collettiva. Sar\u00e0 un\u2019emozione vedere di nuovo la piazza piena di persone, dopo due difficili anni di fermo obbligato. I nostri vicoli e le nostre piazze torneranno a ravvivarsi con i colori delle tre Porte, non vediamo l\u2019ora\u201d.<\/p>\n<p style=\"text-align: justify;\">Gli appuntamenti successivi saranno il Palio Madonna del Soccorso domenica 26 giugno e il Palio di Sant\u2019Oliva sabato 30 luglio.<\/p>\n","protected":false},"excerpt":{"rendered":"<p>CORI &#8211; Dopo due anni di stop forzato, causato dall\u2019emergenza sanitaria, finalmente torna il Carosello Storico dei Priori di Cori. Il primo appuntamento sar\u00e0 sabato prossimo, 18 giugno, alle ore 21.30 in piazza Sant\u2019Oliva con il Giuramento dei Priori. In questi due anni il lavoro dell\u2019Ente Carosello non si \u00e8 comunque fermato ed \u00e8 anzi [&hellip;]<\/p>\n","protected":false},"author":62,"featured_media":313055,"comment_status":"open","ping_status":"open","sticky":false,"template":"","format":"standard","meta":{"footnotes":""},"categories":[16],"tags":[],"class_list":["post-313054","post","type-post","status-publish","format-standard","has-post-thumbnail","hentry","category-appuntamenti"],"_links":{"self":[{"href":"https:\/\/www.radioluna.it\/news\/wp-json\/wp\/v2\/posts\/313054","targetHints":{"allow":["GET"]}}],"collection":[{"href":"https:\/\/www.radioluna.it\/news\/wp-json\/wp\/v2\/posts"}],"about":[{"href":"https:\/\/www.radioluna.it\/news\/wp-json\/wp\/v2\/types\/post"}],"author":[{"embeddable":true,"href":"https:\/\/www.radioluna.it\/news\/wp-json\/wp\/v2\/users\/62"}],"replies":[{"embeddable":true,"href":"https:\/\/www.radioluna.it\/news\/wp-json\/wp\/v2\/comments?post=313054"}],"version-history":[{"count":0,"href":"https:\/\/www.radioluna.it\/news\/wp-json\/wp\/v2\/posts\/313054\/revisions"}],"wp:featuredmedia":[{"embeddable":true,"href":"https:\/\/www.radioluna.it\/news\/wp-json\/wp\/v2\/media\/313055"}],"wp:attachment":[{"href":"https:\/\/www.radioluna.it\/news\/wp-json\/wp\/v2\/media?parent=313054"}],"wp:term":[{"taxonomy":"category","embeddable":true,"href":"https:\/\/www.radioluna.it\/news\/wp-json\/wp\/v2\/categories?post=313054"},{"taxonomy":"post_tag","embeddable":true,"href":"https:\/\/www.radioluna.it\/news\/wp-json\/wp\/v2\/tags?post=313054"}],"curies":[{"name":"wp","href":"https:\/\/api.w.org\/{rel}","templated":true}]}}