{"id":313075,"date":"2022-06-17T14:32:59","date_gmt":"2022-06-17T12:32:59","guid":{"rendered":"https:\/\/www.radioluna.it\/news\/?p=313075"},"modified":"2022-06-17T14:32:59","modified_gmt":"2022-06-17T12:32:59","slug":"lega-sabaudia-gianfranco-rufa-nomina-antonio-ciriello-coordinatore-comunale","status":"publish","type":"post","link":"https:\/\/www.radioluna.it\/news\/2022\/06\/lega-sabaudia-gianfranco-rufa-nomina-antonio-ciriello-coordinatore-comunale\/","title":{"rendered":"Lega Sabaudia, Gianfranco Rufa nomina Antonio Ciriello coordinatore comunale"},"content":{"rendered":"<div id=\"fb-root\"><\/div>\n<p><strong>SABAUDIA &#8211;<\/strong> Antonio Ciriello \u00e8 stato nominato ufficialmente Coordinatore Comunale della Lega a Sabaudia. L\u2019indicazione \u00e8 giunta dal Coordinatore Provinciale della Lega Sen Gianfranco Rufa e dall&#8217;On. Claudio Durigon, coordinatore regionale . Ciriello, gi\u00e0 protagonista della campagna elettorale dove ha svolto un ruolo fondamentale nella costruzione della lista della Lega, avr\u00e0 il compito di proseguire il lavoro iniziato nei mesi scorsi, arrivando a un costante radicamento e rafforzamento del partito in citt\u00e0. Ieri sera c\u2019\u00e8 stata la prima riunione del partito di Sabaudia post elezioni. L\u2019appuntamento, oltre ad essere stato il momento della presentazione ufficiale del nuovo coordinatore, \u00e8 servito a fare una prima analisi del voto comunale, anche in vista del ballottaggio che ci sar\u00e0 tra due settimane. \u00a0\u201cSono orgoglioso di questa nomina e ringrazio l\u2019onorevole Claudio Durigon e il sen. Rufa \u00a0per la fiducia \u2013 afferma Antonio Ciriello \u2013 Il risultato delle elezioni comunali \u00e8 stato un primo tassello importante, dal quale partiamo per crescere. Il mio obiettivo \u00e8 quello di fare in modo che la Lega sia sempre presente in citt\u00e0, al fianco dei cittadini e delle loro necessit\u00e0. Costruiremo passo dopo passo un partito sempre pi\u00f9 radicato, riconoscibile e serio, che abbia la fiducia dei cittadini\u201d.<\/p>\n","protected":false},"excerpt":{"rendered":"<p>SABAUDIA &#8211; Antonio Ciriello \u00e8 stato nominato ufficialmente Coordinatore Comunale della Lega a Sabaudia. L\u2019indicazione \u00e8 giunta dal Coordinatore Provinciale della Lega Sen Gianfranco Rufa e dall&#8217;On. Claudio Durigon, coordinatore regionale . Ciriello, gi\u00e0 protagonista della campagna elettorale dove ha svolto un ruolo fondamentale nella costruzione della lista della Lega, avr\u00e0 il compito di proseguire [&hellip;]<\/p>\n","protected":false},"author":60,"featured_media":0,"comment_status":"open","ping_status":"open","sticky":false,"template":"","format":"standard","meta":{"footnotes":""},"categories":[8],"tags":[],"class_list":["post-313075","post","type-post","status-publish","format-standard","hentry","category-politica"],"_links":{"self":[{"href":"https:\/\/www.radioluna.it\/news\/wp-json\/wp\/v2\/posts\/313075","targetHints":{"allow":["GET"]}}],"collection":[{"href":"https:\/\/www.radioluna.it\/news\/wp-json\/wp\/v2\/posts"}],"about":[{"href":"https:\/\/www.radioluna.it\/news\/wp-json\/wp\/v2\/types\/post"}],"author":[{"embeddable":true,"href":"https:\/\/www.radioluna.it\/news\/wp-json\/wp\/v2\/users\/60"}],"replies":[{"embeddable":true,"href":"https:\/\/www.radioluna.it\/news\/wp-json\/wp\/v2\/comments?post=313075"}],"version-history":[{"count":0,"href":"https:\/\/www.radioluna.it\/news\/wp-json\/wp\/v2\/posts\/313075\/revisions"}],"wp:attachment":[{"href":"https:\/\/www.radioluna.it\/news\/wp-json\/wp\/v2\/media?parent=313075"}],"wp:term":[{"taxonomy":"category","embeddable":true,"href":"https:\/\/www.radioluna.it\/news\/wp-json\/wp\/v2\/categories?post=313075"},{"taxonomy":"post_tag","embeddable":true,"href":"https:\/\/www.radioluna.it\/news\/wp-json\/wp\/v2\/tags?post=313075"}],"curies":[{"name":"wp","href":"https:\/\/api.w.org\/{rel}","templated":true}]}}