{"id":313078,"date":"2022-06-17T15:05:07","date_gmt":"2022-06-17T13:05:07","guid":{"rendered":"https:\/\/www.radioluna.it\/news\/?p=313078"},"modified":"2022-06-17T15:05:07","modified_gmt":"2022-06-17T13:05:07","slug":"cittadini-salute-e-pnrr-il-convegno-di-fratelli-ditalia-a-latina","status":"publish","type":"post","link":"https:\/\/www.radioluna.it\/news\/2022\/06\/cittadini-salute-e-pnrr-il-convegno-di-fratelli-ditalia-a-latina\/","title":{"rendered":"Cittadini, salute e PNRR, il convegno di Fratelli d&#8217;Italia a Latina"},"content":{"rendered":"<div id=\"fb-root\"><\/div>\n<p style=\"text-align: justify;\">Il nuovo modello di sanit\u00e0 disegnato dal PNRR e le ripercussioni locali rispetto al sovraffollamento dell\u2019ospedale Santa Maria Goretti di Latina saranno al centro del convegno organizzato dal coordinamento provinciale di Fratelli d\u2019Italia Latina per gioved\u00ec 23 giugno alle 17.30 presso l\u2019Hotel Europa di Latina.<br \/>\nAll\u2019appuntamento dal titolo \u00a0\u201cCittadini, salute e PNRR &#8211; Dalla sanit\u00e0 degli ospedali alla sanit\u00e0 sui territori\u201d, moderato dalla giornalista Sarina Biraghi, interverranno il coordinatore provinciale sen. Nicola Calandrini, il sottosegretario alla Salute sen. Pierpaolo Sileri, il sen. Franco Zaffini, capogruppo di FdI nella Commissione Igiene e Sanit\u00e0 del Senato, il direttore generale della Asl dott.ssa Silvia Cavalli, l\u2019esperta di sanit\u00e0 pubblica prof.ssa Marcella Marletta, e il dott. Loreto Capuano, responsabile provinciale sanit\u00e0 pubblica per FdI Latina.<br \/>\n\u201cCon questo appuntamento vogliamo capire l\u2019impatto che avr\u00e0 il PNRR sulla sanit\u00e0, dopo che la pandemia ha mostrato quanto fosse fragile la nostra organizzazione medico-ospedaliera &#8211; spiega il sen. Nicola Calandrini &#8211; Ne parleremo direttamente con un esponente del Governo che ringrazio per aver accettato l\u2019invito, il sottosegretario Pierpaolo Sileri. Noi auspichiamo che il Piano Nazionale di Ripresa e Resilienza consenta realmente di ripristinare un modello di sanit\u00e0 territoriale che permetta il decongestionamento degli ospedali e dei pronto soccorso. Negli anni abbiamo assistito ad un impoverimento di risorse e strutture mediche e quando \u00e8 arrivato il Covid \u00e8 stato palese che quell\u2019organizzazione poteva anche far risparmiare soldi allo Stato e alle Regioni, ma non era efficiente n\u00e9 sufficiente nel tutelare la salute dei cittadini. C\u2019\u00e8 bisogno di pi\u00f9 sanit\u00e0 ma anche di pi\u00f9 medici, distribuiti capillarmente sul territorio. Il 23 giugno approfondiremo questi argomenti e vedremo se il PNRR \u00e8 in grado di risolvere questa sfida.<\/p>\n","protected":false},"excerpt":{"rendered":"<p>Il nuovo modello di sanit\u00e0 disegnato dal PNRR e le ripercussioni locali rispetto al sovraffollamento dell\u2019ospedale Santa Maria Goretti di Latina saranno al centro del convegno organizzato dal coordinamento provinciale di Fratelli d\u2019Italia Latina per gioved\u00ec 23 giugno alle 17.30 presso l\u2019Hotel Europa di Latina. All\u2019appuntamento dal titolo \u00a0\u201cCittadini, salute e PNRR &#8211; Dalla sanit\u00e0 [&hellip;]<\/p>\n","protected":false},"author":60,"featured_media":0,"comment_status":"open","ping_status":"open","sticky":false,"template":"","format":"standard","meta":{"footnotes":""},"categories":[8],"tags":[],"class_list":["post-313078","post","type-post","status-publish","format-standard","hentry","category-politica"],"_links":{"self":[{"href":"https:\/\/www.radioluna.it\/news\/wp-json\/wp\/v2\/posts\/313078","targetHints":{"allow":["GET"]}}],"collection":[{"href":"https:\/\/www.radioluna.it\/news\/wp-json\/wp\/v2\/posts"}],"about":[{"href":"https:\/\/www.radioluna.it\/news\/wp-json\/wp\/v2\/types\/post"}],"author":[{"embeddable":true,"href":"https:\/\/www.radioluna.it\/news\/wp-json\/wp\/v2\/users\/60"}],"replies":[{"embeddable":true,"href":"https:\/\/www.radioluna.it\/news\/wp-json\/wp\/v2\/comments?post=313078"}],"version-history":[{"count":0,"href":"https:\/\/www.radioluna.it\/news\/wp-json\/wp\/v2\/posts\/313078\/revisions"}],"wp:attachment":[{"href":"https:\/\/www.radioluna.it\/news\/wp-json\/wp\/v2\/media?parent=313078"}],"wp:term":[{"taxonomy":"category","embeddable":true,"href":"https:\/\/www.radioluna.it\/news\/wp-json\/wp\/v2\/categories?post=313078"},{"taxonomy":"post_tag","embeddable":true,"href":"https:\/\/www.radioluna.it\/news\/wp-json\/wp\/v2\/tags?post=313078"}],"curies":[{"name":"wp","href":"https:\/\/api.w.org\/{rel}","templated":true}]}}