{"id":313231,"date":"2022-06-20T10:36:29","date_gmt":"2022-06-20T08:36:29","guid":{"rendered":"https:\/\/www.radioluna.it\/news\/?p=313231"},"modified":"2022-06-20T10:36:29","modified_gmt":"2022-06-20T08:36:29","slug":"sabaudia-meno-di-una-settimana-al-ballottaggio-nessun-apparentamento-per-lucci-e-mosca","status":"publish","type":"post","link":"https:\/\/www.radioluna.it\/news\/2022\/06\/sabaudia-meno-di-una-settimana-al-ballottaggio-nessun-apparentamento-per-lucci-e-mosca\/","title":{"rendered":"Sabaudia, meno di una settimana al ballottaggio, nessun apparentamento per Lucci e Mosca"},"content":{"rendered":"<div id=\"fb-root\"><\/div>\n<p style=\"text-align: justify;\"><strong>SABAUDIA<\/strong> &#8211; Si \u00e8 aperta l&#8217;ultima settimana prima del ballottaggio che domenica 26 giugno vedr\u00e0 i cittadini di Sabaudia tornare alle urne per scegliere chi sar\u00e0 il prossimo sindaco tra l&#8217;ex Maurizio Lucci e Alberto Mosca.<\/p>\n<p style=\"text-align: justify;\">Il primo, sostenuto dalle tre liste civiche Lucci Sindaco, Obiettivo in Comune e Coraggio Italia, parte dal 24,31% di preferenze e ufficializza oggi nel primo dei cinque giorni di campagna elettorale che restano prima del silenzio elettorale e delle votazioni: &#8220;La nostra coalizione non ha cercato alcun apparentamento in vista del ballottaggio, siamo stati chiari e coerenti fin da subito e ora posso ufficializzarlo&#8221;. Del resto i candidati Sindaci Di Capua, Massimi e Mellano non hanno dato indicazioni al proprio elettorato. &#8220;Colgo l&#8217;occasione per ringraziarli della correttezza ed educazione che hanno portato in questa campagna elettorale mettendo al centro del dibattito politico temi e programmi &#8211; scrive in una nota &#8211;\u00a0 Ed \u00e8 esattamente quello in cui ci siamo impegnati io e i miei candidati. Come candidato sindaco mi sono fatto garante del nostro programma per Sabaudia e prioritario sar\u00e0 tenere un canale di dialogo sempre aperto promuovendo un metodo collaborativo con gli altri rappresentanti, ad esclusione di nessuno, su temi che sono stati condivisi anche nelle indicazioni su come andrebbero affrontati. C\u2019\u00e8 una convergenza sulle criticit\u00e0 da affrontare, su tutte la stagione estiva che \u00e8 gi\u00e0 avviata, che va ritrovata e promossa mettendo l\u2019interesse collettivo della citt\u00e0 sempre e solo al primo posto&#8221;. Il messaggio lanciato agli elettori \u00e8 quello del dialogo e della collaborazione: &#8221; Io mi propongo\u00a0 &#8211; conclude Lucci &#8211; come il Sindaco di Sabaudia che vuole rappresentare tutta la cittadinanza&#8221;.<\/p>\n<p style=\"text-align: justify;\">Dal canto suo il Generale Alberto Mosca sostenuto da Forza Italia, Udc, Azione di Calenda e dalle due liste civiche Citt\u00e0 Nuova e Scegli Sabaudia, ha ottenuto al primo turno delle elezioni amministrative il risultato migliore conquistando il 30,58% delle preferenze, un bottino di 2683 voti dal quale riparte per la sfida finale.<\/p>\n","protected":false},"excerpt":{"rendered":"<p>SABAUDIA &#8211; Si \u00e8 aperta l&#8217;ultima settimana prima del ballottaggio che domenica 26 giugno vedr\u00e0 i cittadini di Sabaudia tornare alle urne per scegliere chi sar\u00e0 il prossimo sindaco tra l&#8217;ex Maurizio Lucci e Alberto Mosca. Il primo, sostenuto dalle tre liste civiche Lucci Sindaco, Obiettivo in Comune e Coraggio Italia, parte dal 24,31% di [&hellip;]<\/p>\n","protected":false},"author":60,"featured_media":313242,"comment_status":"open","ping_status":"open","sticky":false,"template":"","format":"standard","meta":{"footnotes":""},"categories":[8],"tags":[],"class_list":["post-313231","post","type-post","status-publish","format-standard","has-post-thumbnail","hentry","category-politica"],"_links":{"self":[{"href":"https:\/\/www.radioluna.it\/news\/wp-json\/wp\/v2\/posts\/313231","targetHints":{"allow":["GET"]}}],"collection":[{"href":"https:\/\/www.radioluna.it\/news\/wp-json\/wp\/v2\/posts"}],"about":[{"href":"https:\/\/www.radioluna.it\/news\/wp-json\/wp\/v2\/types\/post"}],"author":[{"embeddable":true,"href":"https:\/\/www.radioluna.it\/news\/wp-json\/wp\/v2\/users\/60"}],"replies":[{"embeddable":true,"href":"https:\/\/www.radioluna.it\/news\/wp-json\/wp\/v2\/comments?post=313231"}],"version-history":[{"count":0,"href":"https:\/\/www.radioluna.it\/news\/wp-json\/wp\/v2\/posts\/313231\/revisions"}],"wp:featuredmedia":[{"embeddable":true,"href":"https:\/\/www.radioluna.it\/news\/wp-json\/wp\/v2\/media\/313242"}],"wp:attachment":[{"href":"https:\/\/www.radioluna.it\/news\/wp-json\/wp\/v2\/media?parent=313231"}],"wp:term":[{"taxonomy":"category","embeddable":true,"href":"https:\/\/www.radioluna.it\/news\/wp-json\/wp\/v2\/categories?post=313231"},{"taxonomy":"post_tag","embeddable":true,"href":"https:\/\/www.radioluna.it\/news\/wp-json\/wp\/v2\/tags?post=313231"}],"curies":[{"name":"wp","href":"https:\/\/api.w.org\/{rel}","templated":true}]}}