{"id":313252,"date":"2022-06-20T12:20:49","date_gmt":"2022-06-20T10:20:49","guid":{"rendered":"https:\/\/www.radioluna.it\/news\/?p=313252"},"modified":"2022-06-24T17:24:08","modified_gmt":"2022-06-24T15:24:08","slug":"settimana-di-volontariato-a-latina-per-i-dipendenti-di-abbvie-e-allergan-aesthetics","status":"publish","type":"post","link":"https:\/\/www.radioluna.it\/news\/2022\/06\/settimana-di-volontariato-a-latina-per-i-dipendenti-di-abbvie-e-allergan-aesthetics\/","title":{"rendered":"Settimana di volontariato a Latina per i dipendenti di Abbvie e Allergan Aesthetics"},"content":{"rendered":"<div id=\"fb-root\"><\/div>\n<p style=\"text-align: justify;\"><strong>LATINA<\/strong> &#8211; Anche a Latina, i dipendenti di AbbVie e Allergan Aesthetics faranno volontariato durante la Week Of Possibilities, da oggi 20 giugno al 1 luglio. Si tratta di un programma annuale di volontariato che unisce i dipendenti di tutto il mondo con un unico obiettivo: supportare le comunit\u00e0 locali attraverso il volontariato. Cinque gli interventi che saranno svolti nell&#8217;arco di sei giorni di cui tre in provincia di Latina presso : <strong>l&#8217;Associazione Italiana Persone Down sezione di Latina <\/strong>(che ha il principale scopo di operare a favore delle persone Down e delle loro famiglie e tutela principalmente l\u2019inserimento e l\u2019 integrazione scolastica, lavorativa e sociale a tutti i livelli delle persone con Sindrome di Down, accompagnando le stesse nel loro percorso di vita dall\u2019infanzia all\u2019et\u00e0 adulta). &#8220;L&#8217;attivit\u00e0 sar\u00e0 di grande aiuto all&#8217;associazione in quanto permetter\u00e0 l&#8217;estensione degli spazi esterni utilizzati dai beneficiari e dar\u00e0 lo spunto a nuove iniziative all&#8217;aperto&#8221;, spiegano da Abbvie.<\/p>\n<p style=\"text-align: justify;\">Ancora, <strong>l&#8217;Associazione Diaphor\u00e0 \u200b\u200b\u200b\u200bdi Latina (<\/strong>che opera dal 2002 con lo scopo di migliorare la qualit\u00e0 di vita delle persone con disabilit\u00e0 e delle loro famiglie). &#8220;L&#8217;obiettivo principale\u00a0 &#8211; si legge in una nota &#8211; \u00e8 quello di favorire la piena inclusione sociale attraverso percorsi di autonomia lavorativa, accrescendo il benessere emotivo e psicologico. Le attivit\u00e0 miglioreranno le condizioni e la fruibilit\u00e0 dell&#8217;area esterna che ospita numerose iniziative a cui partecipano quotidianamente i ragazzi disabili dell\u2019associazione permettendo loro di sviluppare nuove competenze&#8221;.<\/p>\n<p style=\"text-align: justify;\">E infine<strong> Casa di Borgo e di Mare &#8211; Casa Cantoniera a Latina<\/strong>, punto di riferimento della vita comunitaria che si rivolge a tutti i cittadini del territorio comunale, con particolare attenzione ai residenti del borgo e del mare per stimolare la partecipazione a iniziative e attivit\u00e0 generando relazioni e scambi culturali e sociali. &#8220;L\u2019evento avr\u00e0 un impatto significativo sulla manutenzione e sull\u2019estetica della struttura e sar\u00e0 un importante gesto di attenzione verso le azioni quotidiane delle associazioni che si prendono cura di questo polo sociale e mirano a trasformarlo in un punto di riferimento per la vita della comunit\u00e0&#8221;.<\/p>\n<p style=\"text-align: justify;\">&#8220;Tutti noi di AbbVie in Italia siamo entusiasti di trovarci di nuovo di persona per la Week of Possibilities, una delle iniziative di volontariato annuali pi\u00f9 attese in tutta la nostra azienda\u201d, ha affermato Darragh Pattwell, Direttore del Polo Produttivo di Campoverde \u201cservire le comunit\u00e0 \u00e8 un nostro principio guida, dimostra ci\u00f2 che siamo e non vediamo l&#8217;ora di avere un impatto significativo a supporto delle comunit\u00e0 del luogo in cui insistiamo\u201d ha continuato Manuela Vacca Maggiolini, Direttore delle Risorse Umane di AbbVie Italia, \u201clavoriamo insieme a migliaia di nostri colleghi di AbbVie qui in Italia e in tutto il mondo per aiutare chi ne ha bisogno&#8221; ha concluso Claudia Di Filippo, Direttore del Quality Assurance del Polo Produttivo di Campoverde.<\/p>\n<p style=\"text-align: justify;\">\n<div class=\"radio-posizionamento-telefono-in-articoli-dopo-il-contenuto-articolo radio-entity-placement\" id=\"radio-3632562433\"><div id=\"radio-474863815\"><a href=\"https:\/\/grupporedi.it\/\" aria-label=\"Redi-Qr\"><img loading=\"lazy\" decoding=\"async\" src=\"https:\/\/www.radioluna.it\/news\/wp-content\/uploads\/2026\/03\/Redi-Qr.jpg\" alt=\"\"  srcset=\"https:\/\/www.radioluna.it\/news\/wp-content\/uploads\/2026\/03\/Redi-Qr.jpg 800w, https:\/\/www.radioluna.it\/news\/wp-content\/uploads\/2026\/03\/Redi-Qr-768x639.jpg 768w\" sizes=\"(max-width: 800px) 100vw, 800px\" width=\"300\" height=\"250\"   \/><\/a><\/div><\/div>","protected":false},"excerpt":{"rendered":"<p>LATINA &#8211; Anche a Latina, i dipendenti di AbbVie e Allergan Aesthetics faranno volontariato durante la Week Of Possibilities, da oggi 20 giugno al 1 luglio. Si tratta di un programma annuale di volontariato che unisce i dipendenti di tutto il mondo con un unico obiettivo: supportare le comunit\u00e0 locali attraverso il volontariato. Cinque gli [&hellip;]<\/p>\n","protected":false},"author":62,"featured_media":299441,"comment_status":"open","ping_status":"open","sticky":false,"template":"","format":"standard","meta":{"footnotes":""},"categories":[735],"tags":[],"class_list":["post-313252","post","type-post","status-publish","format-standard","has-post-thumbnail","hentry","category-attualita"],"_links":{"self":[{"href":"https:\/\/www.radioluna.it\/news\/wp-json\/wp\/v2\/posts\/313252","targetHints":{"allow":["GET"]}}],"collection":[{"href":"https:\/\/www.radioluna.it\/news\/wp-json\/wp\/v2\/posts"}],"about":[{"href":"https:\/\/www.radioluna.it\/news\/wp-json\/wp\/v2\/types\/post"}],"author":[{"embeddable":true,"href":"https:\/\/www.radioluna.it\/news\/wp-json\/wp\/v2\/users\/62"}],"replies":[{"embeddable":true,"href":"https:\/\/www.radioluna.it\/news\/wp-json\/wp\/v2\/comments?post=313252"}],"version-history":[{"count":0,"href":"https:\/\/www.radioluna.it\/news\/wp-json\/wp\/v2\/posts\/313252\/revisions"}],"wp:featuredmedia":[{"embeddable":true,"href":"https:\/\/www.radioluna.it\/news\/wp-json\/wp\/v2\/media\/299441"}],"wp:attachment":[{"href":"https:\/\/www.radioluna.it\/news\/wp-json\/wp\/v2\/media?parent=313252"}],"wp:term":[{"taxonomy":"category","embeddable":true,"href":"https:\/\/www.radioluna.it\/news\/wp-json\/wp\/v2\/categories?post=313252"},{"taxonomy":"post_tag","embeddable":true,"href":"https:\/\/www.radioluna.it\/news\/wp-json\/wp\/v2\/tags?post=313252"}],"curies":[{"name":"wp","href":"https:\/\/api.w.org\/{rel}","templated":true}]}}