{"id":313301,"date":"2022-06-21T14:25:49","date_gmt":"2022-06-21T12:25:49","guid":{"rendered":"https:\/\/www.radioluna.it\/news\/?p=313301"},"modified":"2022-06-22T07:13:05","modified_gmt":"2022-06-22T05:13:05","slug":"ninfa-di-sera-a-luglio-e-agosto-letteratura-musica-teatro-e-visita-al-tramonto","status":"publish","type":"post","link":"https:\/\/www.radioluna.it\/news\/2022\/06\/ninfa-di-sera-a-luglio-e-agosto-letteratura-musica-teatro-e-visita-al-tramonto\/","title":{"rendered":"Ninfa di sera a luglio e agosto: letteratura, musica, teatro e visita al tramonto"},"content":{"rendered":"<div id=\"fb-root\"><\/div>\n<p><strong>LATINA<\/strong> &#8211; Si chiama Ninfa di sera ed \u00e8 la stagione estiva promossa dalla Fondazione Roffredo Caetani, con eventi di letteratura, musica, teatro nei mesi di luglio e agosto, e la possibilit\u00e0 di vistare il Giardino anche al tramonto.<\/p>\n<p style=\"text-align: justify;\"><strong>1 LUGLIO<\/strong> &#8211; Si parte con gli studenti della<strong> Scuola Holden<\/strong> che parteciperanno alla seconda edizione del soggiorno letterario nell\u2019ambito delle attivit\u00e0 del Parco dedicato alla figura di Marguerite Chapin Caetani. Dopo il successo dello scorso anno la Fondazione Roffredo Caetani e la<strong> prestigiosa scuola di scrittura diretta da Alessandro Baricco<\/strong> hanno voluto rinnovare la loro partnership per questo importante evento. Come noto gli studenti saranno ospiti della Fondazione per alcuni giorni e potranno lavorare nel Giardino di Ninfa per trarre ispirazione dal luogo e scrivere dei componimenti che verranno presentati nel corso di un reading organizzato per il<strong> 1 luglio alle ore 17.30 nell\u2019area eventi del Giardino<\/strong>. Quest\u2019anno il professor <strong>Andrea Tarabbia<\/strong> (premio Campiello 2019) che accompagna i ragazzi, e il direttore artistico del Parco Letterario, <strong>Clemente Pernarella<\/strong>, hanno scelto di dedicare questa edizione alla figura di <strong>Pierpaolo Pasolini<\/strong> del quale quest\u2019anno ricorre il centenario della nascita. Nei primi anni cinquanta su \u201cBotteghe Oscure\u201d Bassani scelse di pubblicare alcune delle poesie in friulano di Pasolini. Il rapporto con il territorio pontino, la frequentazione del giardino, il legame con gli autori vicini a Marguerite Chapin, l\u2019idea di natura e storia del poeta saranno le linee guida del laboratorio tenuto dal professor Tarabbia.<\/p>\n<p style=\"text-align: justify;\"><strong>La partecipazione al reading \u00e8 gratuita (fino ad esaurimento post<\/strong>i, non \u00e8 disponibile per questo evento la visita al tramonto). Per iscriversi basta inviare un messaggio privato sulle pagine social del Giardino di Ninfa (Facebook, Instagram, Twitter) oppure servirsi del modulo prenotazione riportato nella sezione dedicata sulla pagina: https:\/\/www.giardinodininfa.eu\/blogs\/notizie\/eventi. Prenotazione obbligatoria.<\/p>\n<p style=\"text-align: justify;\"><strong>2 LUGLIO &#8211;\u00a0<\/strong>Torna Ninfa Jazz,\u00a0 rassegna musicale con sette appuntamenti dal 2 luglio al 27 agosto (9, 16, 23 luglio e del 13, 20 e 27 agosto) con alcuni tra i pi\u00f9 grandi musicisti della scena jazz internazionale per la rassegna organizzata dall\u2019associazione \u201c52nd Jazz\u201d. Si partir\u00e0 il 2 luglio con \u201cClaudio Filippini Trio\u201d con Claudio Filippini considerato, dalla critica specializzata uno dei migliori talenti del jazz italiano. Informazioni a questo link nella sezione dedicata agli eventi jazz:\u00a0<a href=\"https:\/\/www.giardinodininfa.eu\/blogs\/notizie\/eventi\">https:\/\/www.giardinodininfa.eu\/blogs\/notizie\/eventi <\/a>Prenotazione obbligatoria.<\/p>\n<p style=\"text-align: justify;\"><strong>3 LUGLIO<\/strong> &#8211; Torna la partnership tra la <strong>Fondazione Roffredo Caetani, la Compagnia del Teatro Fellini di Pontinia e Life on Marsh<\/strong> con la stagione teatrale presso l\u2019area eventi del Giardino di Ninfa che parte il 3 luglio con un ospite d\u2019eccezione:\u00a0<strong>Massimo Popolizio con lo spettacolo \u201cPasolini, una storia romana\u201d.<\/strong> La magistrale interpretazione di Popolizio intreccia il racconto biografico di Pasolini, dal suo arrivo nella citt\u00e0 eterna nei primi anni cinquanta fino alla sua tragica morte nel 1975, con i pi\u00f9 celebri testi dell\u2019autore. Attraverso Ragazzi di Vita e Una Vita Violenta abitiamo la realt\u00e0 post-bellica delle borgate romane e dei ragazzi che le popolano, siamo immersi in uno spaccato di periferia intrisa di povert\u00e0 assoluta ma anche di geniali ed esilaranti espedienti per tirare a campare tipici dello spirito goliarda e spensierato dei suoi abitanti. Ascoltando poi le poesie e i brani dalle raccolte Religione del mio Tempo e Scritti Corsari rimaniamo sopraffatti perch\u00e9 il poeta \u201cprofeta\u201d, da immenso intellettuale qual \u00e8 stato, attraverso la critica al perbenismo e conformismo del suo tempo individua in maniera lucida e spietata le responsabilit\u00e0 del degrado culturale che ancora oggi ci circonda. In Pasolini per\u00f2 il senso del tragico e quello del comico non si oppongono mai ma si trasformano ed \u00e8 grazie a questo miracolo e all\u2019aiuto dello struggente violoncello di Giovanna Famulari che potremo assistere ad una serata veramente irripetibile.<\/p>\n<p style=\"text-align: justify;\">La stagione proseguir\u00e0 poi dal 4 al 7 agosto con\u00a0\u201cThe house of flowers\u201d\u00a0per la regia di Massimiliano Farau con Melania Maccaferri, Clemente Pernarella, Joana Estebanell Milian e le musiche eseguite dal vivo da Erasmo Bencivenga trio (Erasmo Bencivenga, Nicola Borrelli, Giorgio Raponi). Sar\u00e0 un viaggio nell\u2019universo tenero e fantastico del grande scrittore statunitense Truman Capote attraverso gli scritti pubblicati da Marguerite Chapin su \u201cBotteghe Oscure\u201d nel giardino che lo vide ospite.<\/p>\n<p style=\"text-align: justify;\">\u00a0Informazioni a questo link nella sezione dedicata alla rassegna teatrale: <a href=\"https:\/\/www.giardinodininfa.eu\/blogs\/notizie\/eventi\">https:\/\/www.giardinodininfa.eu\/blogs\/notizie\/eventi<\/a>. Prenotazione obbligatoria.<\/p>\n<p style=\"text-align: justify;\">Sul sito www.giardinodininfa.eu si potr\u00e0 prenotare esclusivamente la visita per le aperture del fine settimana e dei giorni festivi. L\u2019abbinamento spettacolo-visita al tramonto per la rassegna \u201cNinfa di sera\u201d dedicata agli eventi serali \u00e8 disponibile esclusivamente sui siti indicati nella sezione https:\/\/www.giardinodininfa.eu\/blogs\/notizie\/eventi. La prenotazione per ogni singolo evento \u00e8 sempre obbligatoria.<\/p>\n<p style=\"text-align: justify;\">Informazioni aggiornate sono sempre disponibili sui canali social (Facebook, Instagram, e Twitter) del Giardino di Ninfa e sul sito www.frcaetani.it nella sezione dedicata agli eventi.<\/p>\n<p style=\"text-align: justify;\">La rassegna \u201cNinfa di sera\u201d rientra nel calendario delle iniziative culturali organizzate per il cinquantenario della Fondazione Roffredo Caetani. Il Giardino di Ninfa rientra nel circuito de I Parchi Letterari.<\/p>\n<p>&nbsp;<\/p>\n<div class=\"radio-posizionamento-telefono-in-articoli-dopo-il-contenuto-articolo radio-entity-placement\" id=\"radio-2927905856\"><div id=\"radio-745299267\"><a href=\"https:\/\/www.simeoneceramiche.com\/\" aria-label=\"SIMEONE CERAMICHE GIF animata per radioluna_Tavola disegno 1 copia 2 (online-video-cutter.com)\"><img loading=\"lazy\" decoding=\"async\" src=\"https:\/\/www.radioluna.it\/news\/wp-content\/uploads\/2025\/05\/SIMEONE-CERAMICHE-GIF-animata-per-radioluna_Tavola-disegno-1-copia-2-online-video-cutter.com_.gif\" alt=\"\"  width=\"300\" height=\"250\"   \/><\/a><\/div><\/div>","protected":false},"excerpt":{"rendered":"<p>LATINA &#8211; Si chiama Ninfa di sera ed \u00e8 la stagione estiva promossa dalla Fondazione Roffredo Caetani, con eventi di letteratura, musica, teatro nei mesi di luglio e agosto, e la possibilit\u00e0 di vistare il Giardino anche al tramonto. 1 LUGLIO &#8211; Si parte con gli studenti della Scuola Holden che parteciperanno alla seconda edizione [&hellip;]<\/p>\n","protected":false},"author":62,"featured_media":311470,"comment_status":"open","ping_status":"open","sticky":false,"template":"","format":"standard","meta":{"footnotes":""},"categories":[16],"tags":[],"class_list":["post-313301","post","type-post","status-publish","format-standard","has-post-thumbnail","hentry","category-appuntamenti"],"_links":{"self":[{"href":"https:\/\/www.radioluna.it\/news\/wp-json\/wp\/v2\/posts\/313301","targetHints":{"allow":["GET"]}}],"collection":[{"href":"https:\/\/www.radioluna.it\/news\/wp-json\/wp\/v2\/posts"}],"about":[{"href":"https:\/\/www.radioluna.it\/news\/wp-json\/wp\/v2\/types\/post"}],"author":[{"embeddable":true,"href":"https:\/\/www.radioluna.it\/news\/wp-json\/wp\/v2\/users\/62"}],"replies":[{"embeddable":true,"href":"https:\/\/www.radioluna.it\/news\/wp-json\/wp\/v2\/comments?post=313301"}],"version-history":[{"count":0,"href":"https:\/\/www.radioluna.it\/news\/wp-json\/wp\/v2\/posts\/313301\/revisions"}],"wp:featuredmedia":[{"embeddable":true,"href":"https:\/\/www.radioluna.it\/news\/wp-json\/wp\/v2\/media\/311470"}],"wp:attachment":[{"href":"https:\/\/www.radioluna.it\/news\/wp-json\/wp\/v2\/media?parent=313301"}],"wp:term":[{"taxonomy":"category","embeddable":true,"href":"https:\/\/www.radioluna.it\/news\/wp-json\/wp\/v2\/categories?post=313301"},{"taxonomy":"post_tag","embeddable":true,"href":"https:\/\/www.radioluna.it\/news\/wp-json\/wp\/v2\/tags?post=313301"}],"curies":[{"name":"wp","href":"https:\/\/api.w.org\/{rel}","templated":true}]}}