{"id":313688,"date":"2022-06-30T08:38:48","date_gmt":"2022-06-30T06:38:48","guid":{"rendered":"https:\/\/www.radioluna.it\/news\/?p=313688"},"modified":"2022-07-04T03:51:33","modified_gmt":"2022-07-04T01:51:33","slug":"per-il-90-di-fondazione-di-latina-arriva-la-banda-dellarma-dei-carabinieri","status":"publish","type":"post","link":"https:\/\/www.radioluna.it\/news\/2022\/06\/per-il-90-di-fondazione-di-latina-arriva-la-banda-dellarma-dei-carabinieri\/","title":{"rendered":"Per il 90\u00b0 di Fondazione di Latina arriva la Banda dell\u2019Arma dei Carabinieri"},"content":{"rendered":"<div id=\"fb-root\"><\/div>\n<p style=\"text-align: justify;\"><strong>LATINA\u00a0<\/strong> &#8211; Oggi \u00e8 il 30 giugno e si aprono ufficialmente le celebrazioni per il 90\u00b0 di Latina. Novanta anni sono passati dalla fondazione, ovvero dalla posa della prima pietra della citt\u00e0, immaginata come borgo rurale e poi divenuta capoluogo della \u00a0provincia di Latina.<\/p>\n<p style=\"text-align: justify;\">Per celebrare la ricorrenza il Comune di Latina scoprir\u00e0 oggi (alle 17,30) le statue restaurate di Palazzo M, &#8220;Le Madri Rurali&#8221;,\u00a0 poi in serata, alle 20,\u00a0 in piazza del Popolo \u00e8 previsto l&#8217;arrivo delle Autorit\u00e0, dei rappresentanti politici, militari e civili, associazioni, e della cittadinanza che vorr\u00e0 esserci, quindi alle 20,30 suoner\u00e0 la Banda dei Carabinieri, 102 elementi, per una delle formazioni pi\u00f9 acclamate. L\u2019iniziativa sostenuta da Unindustria \u00e8 stata realizzata in collaborazione con il Comando Provinciale dei Carabinieri di Latina e con\u00a0 il patrocinio del Comune di Latina.<\/p>\n<p style=\"text-align: justify;\">Il Comandante Provinciale Colonnello Lorenzo D\u2019Aloia ha ringraziato il Presidente di Unindustria Pierpaolo Pontecorvo definendo L&#8217;iniziativa un &#8220;significativo momento partecipativo&#8221; attraverso il quale ha voluto manifestare &#8220;ancora una volta, la sua profonda e personale vicinanza alla cittadinanza locale&#8221; che ogni giorno si realizza\u00a0 con il lavoro e l&#8217;impegno sul campo di &#8220;tutti i Carabinieri in servizio nel capoluogo pontino e nel suo esteso territorio, teso a garantire la sicurezza dei residenti, soprattutto delle fasce sociali pi\u00f9 fragili verso le quali ancor maggiore deve risultare l\u2019incessante vigilanza ed il costante ausilio&#8221;.<\/p>\n<p style=\"text-align: justify;\">&#8220;Ideare ed organizzare tale evento, mettendo al centro la cittadinanza di Latina, le migliori forze produttive e gli amministratori di un territorio giovane e moderno, dalle grandi prospettive economiche, ha significato volerne valorizzare la nascita anche con la presenza storica dell\u2019Arma dei Carabinieri, rappresentata dalla sua Banda, nota in ogni parte del mondo per la variet\u00e0 del repertorio, la perfezione formale delle sue esecuzioni ed il fascino che suscitano gli orchestrali con le loro splendide uniformi, la magnifica compostezza, la profonda vocazione musicale&#8221;, ha sottolineato il colonnello D&#8217;Aloia.<\/p>\n<p style=\"text-align: justify;\">&#8220;Sembrava il modo migliore per dare pi\u00f9 lustro a questa importante ricorrenza \u2013 dichiara il Presidente di Unindustria Latina Pierpaolo Pontecorvo \u2013 Sin da subito abbiamo riscontrato la disponibilit\u00e0 e l\u2019interesse del Colonnello Lorenzo D\u2019Aloia e di tutti i suoi collaboratori nel promuovere questa iniziativa. Ci sentiamo particolarmente soddisfatti, perch\u00e9 questo concerto rappresenta un segno tangibile dell\u2019importante collaborazione intrapresa gi\u00e0 da tempo con tutte le forze dell\u2019Ordine e le forze sociali, con le quali vogliamo dare un segnale di vicinanza alla citt\u00e0. Ringraziamo anche il Comune per aver concesso il patrocinio all\u2019iniziativa. Unindustria sar\u00e0 sempre disponibile a promuovere questo tipo di collaborazioni perch\u00e9 riteniamo importate che il mondo delle imprese sia sempre pi\u00f9 vicino al territorio in cui le stesse aziende operano, nella convinzione che con il dialogo costruttivo si possa fare molto per lo sviluppo della nostra provincia e della nostra citt\u00e0\u201d.<\/p>\n<p style=\"text-align: justify;\"><strong>LA BANDA DEI CARABINIERI &#8211;<\/strong> La Banda Musicale dell&#8217;Arma dei Carabinieri \u00e8 nota in ogni parte del mondo per la variet\u00e0 del suo repertorio, per la perfezione formale delle sue esecuzioni e per il fascino che suscitano i suoi orchestrali con le loro Uniformi,\u00a0 PER la profonda vocazione musicale. Dal 1\u00b0 Luglio 2000 la Banda \u00e8 diretta dal\u00a0Maestro Massimo Martinelli. Oggi, con i suoi 102 orchestrali, assunti e selezionati attraverso concorsi pubblici, la Banda Musicale dell&#8217;Arma dei Carabinieri costituisce una complessa struttura in grado di interpretare composizioni tra le pi\u00f9 celebrate.<\/p>\n<p style=\"text-align: justify;\"><strong>UN PO&#8217; DI STORIA DI LATINA<\/strong> &#8211;<b> <\/b>A fondare la nuova citt\u00e0 di Littoria il 30 giugno del 1932 \u00e8 il solo Valentino Orsolini Cencelli che trascur\u00f2 l\u2019ordine del Regime di evitare cerimonie ufficiali. A Benito Mussolini non piaceva che quel che doveva essere un nuovo centro rurale, solo un villaggio amministrativo di riferimento, sia pensata dall\u2019ONC come una citt\u00e0 vera e propria. Decide di boicottare la cerimonia e dispone che sui giornali non venga mai pi\u00f9 ripresa la notizia, invece uscita con grande clamore solo il giorno prima della fondazione.<\/p>\n<div class=\"post_excerpt\">\n<p style=\"text-align: justify;\">La stampa estera, che venne a conoscenza della cosa, esalt\u00f2 invece la nascita di Littoria, una citt\u00e0 di nuova fondazione nata grazie al lavoro e alla progettazione degli uomini, recuperando e rivalorizzando attraverso la bonifica un ambiente ostile come era quello delle paludi.<\/p>\n<p style=\"text-align: justify;\">La citt\u00e0 venne inaugurata il 18 dicembre del 1932 con un massiccio impegno propagandistico affinch\u00e9 potesse diventare il nuovo simbolo del regime fascista. A quel punto dall\u2019antica concezione di borgo agricolo si pu\u00f2 riconoscere senza patemi il nuovo status di citt\u00e0. A parlare dal balcone del Municipio fu lo stesso Benito Mussolini perch\u00e9 vide la possibilit\u00e0 di \u201ccavalcare\u201d l\u2019eco positivo dell\u2019inaugurazione. L\u00ec annunci\u00f2 le tappe future dello sviluppo con la fondazione di altre citt\u00e0 (Sabaudia e Pontinia) e la costruzione di centinaia di altri poderi.<\/p>\n<p style=\"text-align: justify;\">Dall\u2019estero continuarono ad arrivare messaggi di ammirazione e di incoraggiamento ad una politica votata alla riconquista, pacifica, di ogni centimetro del proprio territorio. Davanti alle potenze internazionali, il Regime fascista fa s\u00ec che Littoria incarni lo spirito mussoliniano che anticiper\u00e0 solo di qualche anno l\u2019imminente politica colonialistica del duce ( dal sito del Comune di Latina).<\/p>\n<p><a href=\"https:\/\/www.radioluna.it\/news\/2022\/06\/il-mug-museo-giannini-di-latina-compie-4-anni\/\">In programma per la giornata di oggi anche un incontro al Mug, il Museo Giannini.<\/a><\/p>\n<p>&nbsp;<\/p>\n<\/div>\n","protected":false},"excerpt":{"rendered":"<p>LATINA\u00a0 &#8211; Oggi \u00e8 il 30 giugno e si aprono ufficialmente le celebrazioni per il 90\u00b0 di Latina. Novanta anni sono passati dalla fondazione, ovvero dalla posa della prima pietra della citt\u00e0, immaginata come borgo rurale e poi divenuta capoluogo della \u00a0provincia di Latina. Per celebrare la ricorrenza il Comune di Latina scoprir\u00e0 oggi (alle [&hellip;]<\/p>\n","protected":false},"author":62,"featured_media":313689,"comment_status":"open","ping_status":"open","sticky":false,"template":"","format":"standard","meta":{"footnotes":""},"categories":[735],"tags":[],"class_list":["post-313688","post","type-post","status-publish","format-standard","has-post-thumbnail","hentry","category-attualita"],"_links":{"self":[{"href":"https:\/\/www.radioluna.it\/news\/wp-json\/wp\/v2\/posts\/313688","targetHints":{"allow":["GET"]}}],"collection":[{"href":"https:\/\/www.radioluna.it\/news\/wp-json\/wp\/v2\/posts"}],"about":[{"href":"https:\/\/www.radioluna.it\/news\/wp-json\/wp\/v2\/types\/post"}],"author":[{"embeddable":true,"href":"https:\/\/www.radioluna.it\/news\/wp-json\/wp\/v2\/users\/62"}],"replies":[{"embeddable":true,"href":"https:\/\/www.radioluna.it\/news\/wp-json\/wp\/v2\/comments?post=313688"}],"version-history":[{"count":0,"href":"https:\/\/www.radioluna.it\/news\/wp-json\/wp\/v2\/posts\/313688\/revisions"}],"wp:featuredmedia":[{"embeddable":true,"href":"https:\/\/www.radioluna.it\/news\/wp-json\/wp\/v2\/media\/313689"}],"wp:attachment":[{"href":"https:\/\/www.radioluna.it\/news\/wp-json\/wp\/v2\/media?parent=313688"}],"wp:term":[{"taxonomy":"category","embeddable":true,"href":"https:\/\/www.radioluna.it\/news\/wp-json\/wp\/v2\/categories?post=313688"},{"taxonomy":"post_tag","embeddable":true,"href":"https:\/\/www.radioluna.it\/news\/wp-json\/wp\/v2\/tags?post=313688"}],"curies":[{"name":"wp","href":"https:\/\/api.w.org\/{rel}","templated":true}]}}