{"id":313796,"date":"2022-07-01T11:19:27","date_gmt":"2022-07-01T09:19:27","guid":{"rendered":"https:\/\/www.radioluna.it\/news\/?p=313796"},"modified":"2022-07-01T11:19:27","modified_gmt":"2022-07-01T09:19:27","slug":"latina-le-madri-rurali-restituite-alla-citta","status":"publish","type":"post","link":"https:\/\/www.radioluna.it\/news\/2022\/07\/latina-le-madri-rurali-restituite-alla-citta\/","title":{"rendered":"Latina, le Madri Rurali restituite alla citt\u00e0"},"content":{"rendered":"<div id=\"fb-root\"><\/div>\n<p style=\"text-align: justify;\"><strong>LATINA\u00a0 &#8211;<\/strong> Si \u00e8 svolta nei giardini di Palazzo M la cerimonia di scoprimento delle statue di Ulderico Conti, restaurate grazie alla generosit\u00e0 di grandi e piccoli donatori che hanno utilizzato lo strumento dell&#8217;Art Bonus.<\/p>\n<p style=\"text-align: justify;\">\u00a0\u00abVoglio ringraziare a nome dell&#8217;intera citt\u00e0 tutti coloro che sono stati impegnati in questa operazione. Le statue di Ulderico Conti rappresentano una connessione con la nostra storia &#8211; ha detto il sindaco di Latina Damiano Coletta &#8211;\u00a0 E restituirle alla cittadinanza in tutta la loro bellezza, in concomitanza con il 90esimo anniversario della Fondazione di Latina, gi\u00e0 Littoria, \u00e8 un segnale di cura e attenzione per le nostre radici e per la memoria storica della nostra comunit\u00e0\u00bb.<\/p>\n<p>Presente all&#8217;inaugurazione Rita Salvatori, presidente del Comitato cittadino Salviamo Le Statue che si \u00e8 battuto, anche raccogliendo fondi per i lavori di restauro ora giunti a felice compimento.<\/p>\n","protected":false},"excerpt":{"rendered":"<p>LATINA\u00a0 &#8211; Si \u00e8 svolta nei giardini di Palazzo M la cerimonia di scoprimento delle statue di Ulderico Conti, restaurate grazie alla generosit\u00e0 di grandi e piccoli donatori che hanno utilizzato lo strumento dell&#8217;Art Bonus. \u00a0\u00abVoglio ringraziare a nome dell&#8217;intera citt\u00e0 tutti coloro che sono stati impegnati in questa operazione. Le statue di Ulderico Conti [&hellip;]<\/p>\n","protected":false},"author":62,"featured_media":313797,"comment_status":"open","ping_status":"open","sticky":false,"template":"","format":"standard","meta":{"footnotes":""},"categories":[735],"tags":[],"class_list":["post-313796","post","type-post","status-publish","format-standard","has-post-thumbnail","hentry","category-attualita"],"_links":{"self":[{"href":"https:\/\/www.radioluna.it\/news\/wp-json\/wp\/v2\/posts\/313796","targetHints":{"allow":["GET"]}}],"collection":[{"href":"https:\/\/www.radioluna.it\/news\/wp-json\/wp\/v2\/posts"}],"about":[{"href":"https:\/\/www.radioluna.it\/news\/wp-json\/wp\/v2\/types\/post"}],"author":[{"embeddable":true,"href":"https:\/\/www.radioluna.it\/news\/wp-json\/wp\/v2\/users\/62"}],"replies":[{"embeddable":true,"href":"https:\/\/www.radioluna.it\/news\/wp-json\/wp\/v2\/comments?post=313796"}],"version-history":[{"count":0,"href":"https:\/\/www.radioluna.it\/news\/wp-json\/wp\/v2\/posts\/313796\/revisions"}],"wp:featuredmedia":[{"embeddable":true,"href":"https:\/\/www.radioluna.it\/news\/wp-json\/wp\/v2\/media\/313797"}],"wp:attachment":[{"href":"https:\/\/www.radioluna.it\/news\/wp-json\/wp\/v2\/media?parent=313796"}],"wp:term":[{"taxonomy":"category","embeddable":true,"href":"https:\/\/www.radioluna.it\/news\/wp-json\/wp\/v2\/categories?post=313796"},{"taxonomy":"post_tag","embeddable":true,"href":"https:\/\/www.radioluna.it\/news\/wp-json\/wp\/v2\/tags?post=313796"}],"curies":[{"name":"wp","href":"https:\/\/api.w.org\/{rel}","templated":true}]}}