{"id":313827,"date":"2022-07-01T13:38:54","date_gmt":"2022-07-01T11:38:54","guid":{"rendered":"https:\/\/www.radioluna.it\/news\/?p=313827"},"modified":"2022-07-01T13:38:54","modified_gmt":"2022-07-01T11:38:54","slug":"il-comune-di-latina-pubblica-il-bando-per-gli-eventi-estivi-2022-nei-giardini-comunali","status":"publish","type":"post","link":"https:\/\/www.radioluna.it\/news\/2022\/07\/il-comune-di-latina-pubblica-il-bando-per-gli-eventi-estivi-2022-nei-giardini-comunali\/","title":{"rendered":"Il Comune di Latina pubblica il bando per gli eventi estivi 2022 nei Giardini Comunali"},"content":{"rendered":"<div id=\"fb-root\"><\/div>\n<p style=\"text-align: justify;\"><strong>LATINA<\/strong> &#8211; Il Comune di Latina ha pubblicato il bando per la rassegna di eventi da tenersi nel periodo luglio-settembre all\u2019interno dei Giardini del Palazzo Comunale.\u201d L\u2019obiettivo \u00a0&#8211; spiegano dall\u2019Ente &#8211; \u00e8 offrire uno spazio dove potere esprimere i progetti artistici delle realt\u00e0 del capoluogo e del territorio circostante, oltre a quelle provenienti anche dal resto del territorio nazionale, attraverso l\u2019erogazione di alcuni servizi messi a disposizione dall\u2019Ente: palco, service audio e 190 posti a sedere.<\/p>\n<p style=\"text-align: justify;\">\u00a0\u00abLatina \u00e8 una citt\u00e0 che ha una vita culturale intensa, ci sono tanti operatori del settore che non hanno mai smesso di credere nell\u2019arte e nella cultura mettendoci passione, tenacia e capacit\u00e0. Per questo riteniamo che lo strumento del bando possa offrire a tutti la possibilit\u00e0 di esprimersi e aiutare a diffondere la curiosit\u00e0 per le arti e quindi l\u2019amore per la cultura. Auspichiamo che anche quest\u2019anno ci sia una partecipazione viva e numerosa distribuita su tutto l\u2019arco temporale previsto, dalla met\u00e0 di luglio fino alla met\u00e0 di settembre\u00bb, ha detto l\u2019Assessora alla Cultura Laura Pazienti.<\/p>\n<p style=\"text-align: justify;\">Per partecipare alla rassegna e chiedere l\u2019inserimento della propria proposta progettuale nel calendario \u00e8 necessario rispondere all\u2019Avviso pubblicato sul sito di Latina presentando domanda entro e non oltre il 10 luglio 2022. Nell\u2019Avviso sono illustrate le modalit\u00e0 di presentazione delle domande e la documentazione richiesta. Qui il link con tutti i dettagli: <a href=\"https:\/\/bit.ly\/rassegna-estiva-2022-avviso-pubblico\">https:\/\/bit.ly\/rassegna-estiva-2022-avviso-pubblico<\/a><\/p>\n<p style=\"text-align: justify;\">Le proposte dovranno riguardare le seguenti aree di attivit\u00e0: musica, teatro, letteratura, convegni e altri eventi culturali. Sono ammessi a partecipare persone fisiche, societ\u00e0, associazioni, enti, fondazioni, cooperative, consorzi anche temporanei. Il calendario verr\u00e0 stabilito in base alle disponibilit\u00e0 dei Giardini del Comune e alla graduatoria che emerger\u00e0 dall\u2019esame della commissione che valuter\u00e0 le proposte, composta dal personale del settore Cultura, Turismo e Sport. Sar\u00e0 compito dell\u2019Amministrazione promuovere il cartellone nelle forme che riterr\u00e0 pi\u00f9 opportune, insieme a tutti gli altri eventi che sono in fase di organizzazione.<\/p>\n","protected":false},"excerpt":{"rendered":"<p>LATINA &#8211; Il Comune di Latina ha pubblicato il bando per la rassegna di eventi da tenersi nel periodo luglio-settembre all\u2019interno dei Giardini del Palazzo Comunale.\u201d L\u2019obiettivo \u00a0&#8211; spiegano dall\u2019Ente &#8211; \u00e8 offrire uno spazio dove potere esprimere i progetti artistici delle realt\u00e0 del capoluogo e del territorio circostante, oltre a quelle provenienti anche dal [&hellip;]<\/p>\n","protected":false},"author":62,"featured_media":176733,"comment_status":"open","ping_status":"open","sticky":false,"template":"","format":"standard","meta":{"footnotes":""},"categories":[2403],"tags":[],"class_list":["post-313827","post","type-post","status-publish","format-standard","has-post-thumbnail","hentry","category-le-cose-in-comune"],"_links":{"self":[{"href":"https:\/\/www.radioluna.it\/news\/wp-json\/wp\/v2\/posts\/313827","targetHints":{"allow":["GET"]}}],"collection":[{"href":"https:\/\/www.radioluna.it\/news\/wp-json\/wp\/v2\/posts"}],"about":[{"href":"https:\/\/www.radioluna.it\/news\/wp-json\/wp\/v2\/types\/post"}],"author":[{"embeddable":true,"href":"https:\/\/www.radioluna.it\/news\/wp-json\/wp\/v2\/users\/62"}],"replies":[{"embeddable":true,"href":"https:\/\/www.radioluna.it\/news\/wp-json\/wp\/v2\/comments?post=313827"}],"version-history":[{"count":0,"href":"https:\/\/www.radioluna.it\/news\/wp-json\/wp\/v2\/posts\/313827\/revisions"}],"wp:featuredmedia":[{"embeddable":true,"href":"https:\/\/www.radioluna.it\/news\/wp-json\/wp\/v2\/media\/176733"}],"wp:attachment":[{"href":"https:\/\/www.radioluna.it\/news\/wp-json\/wp\/v2\/media?parent=313827"}],"wp:term":[{"taxonomy":"category","embeddable":true,"href":"https:\/\/www.radioluna.it\/news\/wp-json\/wp\/v2\/categories?post=313827"},{"taxonomy":"post_tag","embeddable":true,"href":"https:\/\/www.radioluna.it\/news\/wp-json\/wp\/v2\/tags?post=313827"}],"curies":[{"name":"wp","href":"https:\/\/api.w.org\/{rel}","templated":true}]}}