{"id":313840,"date":"2022-07-02T13:22:31","date_gmt":"2022-07-02T11:22:31","guid":{"rendered":"https:\/\/www.radioluna.it\/news\/?p=313840"},"modified":"2022-07-02T15:53:58","modified_gmt":"2022-07-02T13:53:58","slug":"proclamato-il-vincitore-del-concorso-di-progettazione-del-carcere-di-santo-stefano","status":"publish","type":"post","link":"https:\/\/www.radioluna.it\/news\/2022\/07\/proclamato-il-vincitore-del-concorso-di-progettazione-del-carcere-di-santo-stefano\/","title":{"rendered":"Proclamato il vincitore del Concorso di Progettazione del Carcere di Santo Stefano"},"content":{"rendered":"<div id=\"fb-root\"><\/div>\n<p><iframe loading=\"lazy\" title=\"Video di presentazione del Progetto di recupero dell&#039;ex carcere Ventotene-Santo Stefano\" width=\"740\" height=\"416\" src=\"https:\/\/www.youtube.com\/embed\/BxFpL8RVzgQ?feature=oembed\" frameborder=\"0\" allow=\"accelerometer; autoplay; clipboard-write; encrypted-media; gyroscope; picture-in-picture; web-share\" referrerpolicy=\"strict-origin-when-cross-origin\" allowfullscreen><\/iframe><\/p>\n<p style=\"text-align: justify;\"><strong>VENTOTENE &#8211;<\/strong>\u00a0 Si \u00e8 concluso con la proclamazione del vincitore, il concorso di progettazione per il recupero e la rifunzionalizzazione dell&#8217;ex carcere borbonico di Santo Stefano Ventotene. Lanciato esattamente un anno fa tramite piattaforma telematica gestita dal Soggetto attuatore Invitalia SpA. Dopo l&#8217;analisi dei\u00a0 lavori svolta dalla commissione presieduta dall\u2019architetto Mario Cucinella e le verifiche di legge sulla ammissibilit\u00e0 delle proposte progettuali pervenute, Invitalia ha proclamato vincitore il costituendo RT formato da Engeko, Insula Architettura e Ingegneria, Studio Croci e Associati, Luca Catalano, Nicola Bosco, Roberto Menichelli, Spaini Architetti Associati, Sequas Ingegneria.<\/p>\n<p style=\"text-align: justify;\">La storica struttura diventer\u00e0 una Scuola di Alti pensieri destinata ad accogliere le migliori esperienze formative sui diritti umani, la dignit\u00e0 della persona, la giustizia, la solidariet\u00e0, il ruolo della cultura e della sostenibilit\u00e0 per la costruzione della libert\u00e0, della democrazia e della solidariet\u00e0 in Europa e nel Mediterraneo.<\/p>\n<p style=\"text-align: justify;\">Il progetto \u00e8 stato intitolato su proposta della Commissaria Costa al compianto Presidente del Parlamento Europeo, David Sassoli.<\/p>\n<p style=\"text-align: justify;\">\n","protected":false},"excerpt":{"rendered":"<p>VENTOTENE &#8211;\u00a0 Si \u00e8 concluso con la proclamazione del vincitore, il concorso di progettazione per il recupero e la rifunzionalizzazione dell&#8217;ex carcere borbonico di Santo Stefano Ventotene. Lanciato esattamente un anno fa tramite piattaforma telematica gestita dal Soggetto attuatore Invitalia SpA. Dopo l&#8217;analisi dei\u00a0 lavori svolta dalla commissione presieduta dall\u2019architetto Mario Cucinella e le verifiche [&hellip;]<\/p>\n","protected":false},"author":62,"featured_media":293074,"comment_status":"open","ping_status":"open","sticky":false,"template":"","format":"standard","meta":{"footnotes":""},"categories":[735],"tags":[],"class_list":["post-313840","post","type-post","status-publish","format-standard","has-post-thumbnail","hentry","category-attualita"],"_links":{"self":[{"href":"https:\/\/www.radioluna.it\/news\/wp-json\/wp\/v2\/posts\/313840","targetHints":{"allow":["GET"]}}],"collection":[{"href":"https:\/\/www.radioluna.it\/news\/wp-json\/wp\/v2\/posts"}],"about":[{"href":"https:\/\/www.radioluna.it\/news\/wp-json\/wp\/v2\/types\/post"}],"author":[{"embeddable":true,"href":"https:\/\/www.radioluna.it\/news\/wp-json\/wp\/v2\/users\/62"}],"replies":[{"embeddable":true,"href":"https:\/\/www.radioluna.it\/news\/wp-json\/wp\/v2\/comments?post=313840"}],"version-history":[{"count":0,"href":"https:\/\/www.radioluna.it\/news\/wp-json\/wp\/v2\/posts\/313840\/revisions"}],"wp:featuredmedia":[{"embeddable":true,"href":"https:\/\/www.radioluna.it\/news\/wp-json\/wp\/v2\/media\/293074"}],"wp:attachment":[{"href":"https:\/\/www.radioluna.it\/news\/wp-json\/wp\/v2\/media?parent=313840"}],"wp:term":[{"taxonomy":"category","embeddable":true,"href":"https:\/\/www.radioluna.it\/news\/wp-json\/wp\/v2\/categories?post=313840"},{"taxonomy":"post_tag","embeddable":true,"href":"https:\/\/www.radioluna.it\/news\/wp-json\/wp\/v2\/tags?post=313840"}],"curies":[{"name":"wp","href":"https:\/\/api.w.org\/{rel}","templated":true}]}}