{"id":313847,"date":"2022-07-02T13:40:22","date_gmt":"2022-07-02T11:40:22","guid":{"rendered":"https:\/\/www.radioluna.it\/news\/?p=313847"},"modified":"2022-07-02T20:26:32","modified_gmt":"2022-07-02T18:26:32","slug":"fuori-strada-con-lauto-muore-a-28-anni-cisterna-piange-elisa-delicati","status":"publish","type":"post","link":"https:\/\/www.radioluna.it\/news\/2022\/07\/fuori-strada-con-lauto-muore-a-28-anni-cisterna-piange-elisa-delicati\/","title":{"rendered":"Fuori strada con l&#8217;auto, muore a 28 anni. Cisterna piange Elisa Delicati"},"content":{"rendered":"<div id=\"fb-root\"><\/div>\n<p style=\"text-align: justify;\"><strong>CISTERNA<\/strong> &#8211; Si chiamava Elisa Delicati, aveva 28 anni, risiedeva a Cisterna. E\u2019 la vittima del tragico incidente avvenuto venerd\u00ec\u00a0 pomeriggio lungo via Mediana Cisterna, nei pressi della Recordati, a Campoverde. Per cause da chiarire, la ragazza ha perso il controllo della sua Fiat 500, che \u00e8 uscita di strada e si \u00e8 ribaltata nel fossato che costeggia la strada.<\/p>\n<p style=\"text-align: justify;\">I vigili del fuoco l\u2019hanno estratta a fatica dalle lamiere: la 28enne \u00e8 apparsa subito in condizioni disperate e a nulla \u00e8 servito il trasferimento in eliambulanza al San Camillo di Roma, dove \u00e8 stata dichiarata deceduta.<\/p>\n<p style=\"text-align: justify;\">Un altro grave incidente \u00e8 avvenuto ieri nei pressi delle autolinee a Latina: un 63enne in sella ad un maxiscooter si \u00e8 scontrato con un furgone, un\u2019eliambulanza lo ha trasferito al San Camillo dove \u00e8 tuttora ricoverato in prognosi riservata.<\/p>\n","protected":false},"excerpt":{"rendered":"<p>CISTERNA &#8211; Si chiamava Elisa Delicati, aveva 28 anni, risiedeva a Cisterna. E\u2019 la vittima del tragico incidente avvenuto venerd\u00ec\u00a0 pomeriggio lungo via Mediana Cisterna, nei pressi della Recordati, a Campoverde. Per cause da chiarire, la ragazza ha perso il controllo della sua Fiat 500, che \u00e8 uscita di strada e si \u00e8 ribaltata nel [&hellip;]<\/p>\n","protected":false},"author":62,"featured_media":313848,"comment_status":"open","ping_status":"open","sticky":false,"template":"","format":"standard","meta":{"footnotes":""},"categories":[7],"tags":[],"class_list":["post-313847","post","type-post","status-publish","format-standard","has-post-thumbnail","hentry","category-cronaca"],"_links":{"self":[{"href":"https:\/\/www.radioluna.it\/news\/wp-json\/wp\/v2\/posts\/313847","targetHints":{"allow":["GET"]}}],"collection":[{"href":"https:\/\/www.radioluna.it\/news\/wp-json\/wp\/v2\/posts"}],"about":[{"href":"https:\/\/www.radioluna.it\/news\/wp-json\/wp\/v2\/types\/post"}],"author":[{"embeddable":true,"href":"https:\/\/www.radioluna.it\/news\/wp-json\/wp\/v2\/users\/62"}],"replies":[{"embeddable":true,"href":"https:\/\/www.radioluna.it\/news\/wp-json\/wp\/v2\/comments?post=313847"}],"version-history":[{"count":0,"href":"https:\/\/www.radioluna.it\/news\/wp-json\/wp\/v2\/posts\/313847\/revisions"}],"wp:featuredmedia":[{"embeddable":true,"href":"https:\/\/www.radioluna.it\/news\/wp-json\/wp\/v2\/media\/313848"}],"wp:attachment":[{"href":"https:\/\/www.radioluna.it\/news\/wp-json\/wp\/v2\/media?parent=313847"}],"wp:term":[{"taxonomy":"category","embeddable":true,"href":"https:\/\/www.radioluna.it\/news\/wp-json\/wp\/v2\/categories?post=313847"},{"taxonomy":"post_tag","embeddable":true,"href":"https:\/\/www.radioluna.it\/news\/wp-json\/wp\/v2\/tags?post=313847"}],"curies":[{"name":"wp","href":"https:\/\/api.w.org\/{rel}","templated":true}]}}