{"id":313894,"date":"2022-07-03T08:56:08","date_gmt":"2022-07-03T06:56:08","guid":{"rendered":"https:\/\/www.radioluna.it\/news\/?p=313894"},"modified":"2022-07-04T09:47:23","modified_gmt":"2022-07-04T07:47:23","slug":"una-via-per-fernando-bassoli-primo-sindaco-di-latina","status":"publish","type":"post","link":"https:\/\/www.radioluna.it\/news\/2022\/07\/una-via-per-fernando-bassoli-primo-sindaco-di-latina\/","title":{"rendered":"Una via per Fernando Bassoli primo sindaco di Latina"},"content":{"rendered":"<div id=\"fb-root\"><\/div>\n<p style=\"text-align: justify;\"><strong>LATINA &#8211;<\/strong> Il sindaco Damiano Coletta si \u00e8 impegnato a intitolare un luogo della citt\u00e0 a Fernando Bassoli, primo sindaco di Latina tra il 1946 e il \u201951. L\u2019 impegno \u00e8 arrivato al termine dell\u2019incontro svoltosi venerd\u00ec pomeriggio nei Giardini del Comune per la presentazione del libro scritto dalla giornalista Licia Pastore (ed Atlantide Editore) e dedicato alla figura del politico repubblicano divenuto primo cittadino quando la citt\u00e0 aveva 14 anni di vita, contava 15mila abitanti ed era distrutta dalla guerra.<\/p>\n<p style=\"text-align: justify;\">Un saggio monografico che lascia spazio anche alle testimonianze dei figli di Bassoli, Graziella e Carlo, corredato da foto tratte dall\u2019archivio di famiglia, e nato per raccontare insieme il politico e l\u2019uomo attraverso i documenti amministrativi conservati nell\u2019Archivio di Stato di Latina.<\/p>\n<p style=\"text-align: justify;\">Una figura caduta nell&#8217;oblio. &#8220;In un tempo relativamente breve &#8211; scrive l&#8217;autrice nella premessa &#8211; la memoria della sua esistenza e delle sue opere si \u00e8 affievolita sempre pi\u00f9 nella mente dei suoi concittadini, n\u00e9 ci sono strade o piazze o edifici a tenerla viva. Sola resta una lapide nel cimitero cittadino a testimoniarla e conservarla: Fernando Bassoli 27.12. 107- 30.9-1988\u00a0 PRIMO SINDACO DELLA CITTA&#8217; DI LATINA&#8221;.<\/p>\n<p style=\"text-align: justify;\">Proprio questo breve saggio potrebbe ora aver innescato il desiderio di memoria. &#8220;Il lavoro di ricerca svolto da Licia Pastore ha un grande valore perch\u00e9 ci ricorda le radici della vita istituzionale repubblicana di Latina&#8221;, ha detto Coletta promettendo di promuovere l&#8217;intitolazione di un luogo a Bassoli.<\/p>\n<p>&nbsp;<\/p>\n","protected":false},"excerpt":{"rendered":"<p>LATINA &#8211; Il sindaco Damiano Coletta si \u00e8 impegnato a intitolare un luogo della citt\u00e0 a Fernando Bassoli, primo sindaco di Latina tra il 1946 e il \u201951. L\u2019 impegno \u00e8 arrivato al termine dell\u2019incontro svoltosi venerd\u00ec pomeriggio nei Giardini del Comune per la presentazione del libro scritto dalla giornalista Licia Pastore (ed Atlantide Editore) [&hellip;]<\/p>\n","protected":false},"author":62,"featured_media":313895,"comment_status":"open","ping_status":"open","sticky":false,"template":"","format":"standard","meta":{"footnotes":""},"categories":[735],"tags":[],"class_list":["post-313894","post","type-post","status-publish","format-standard","has-post-thumbnail","hentry","category-attualita"],"_links":{"self":[{"href":"https:\/\/www.radioluna.it\/news\/wp-json\/wp\/v2\/posts\/313894","targetHints":{"allow":["GET"]}}],"collection":[{"href":"https:\/\/www.radioluna.it\/news\/wp-json\/wp\/v2\/posts"}],"about":[{"href":"https:\/\/www.radioluna.it\/news\/wp-json\/wp\/v2\/types\/post"}],"author":[{"embeddable":true,"href":"https:\/\/www.radioluna.it\/news\/wp-json\/wp\/v2\/users\/62"}],"replies":[{"embeddable":true,"href":"https:\/\/www.radioluna.it\/news\/wp-json\/wp\/v2\/comments?post=313894"}],"version-history":[{"count":0,"href":"https:\/\/www.radioluna.it\/news\/wp-json\/wp\/v2\/posts\/313894\/revisions"}],"wp:featuredmedia":[{"embeddable":true,"href":"https:\/\/www.radioluna.it\/news\/wp-json\/wp\/v2\/media\/313895"}],"wp:attachment":[{"href":"https:\/\/www.radioluna.it\/news\/wp-json\/wp\/v2\/media?parent=313894"}],"wp:term":[{"taxonomy":"category","embeddable":true,"href":"https:\/\/www.radioluna.it\/news\/wp-json\/wp\/v2\/categories?post=313894"},{"taxonomy":"post_tag","embeddable":true,"href":"https:\/\/www.radioluna.it\/news\/wp-json\/wp\/v2\/tags?post=313894"}],"curies":[{"name":"wp","href":"https:\/\/api.w.org\/{rel}","templated":true}]}}