{"id":314213,"date":"2022-07-07T15:59:48","date_gmt":"2022-07-07T13:59:48","guid":{"rendered":"https:\/\/www.radioluna.it\/news\/?p=314213"},"modified":"2022-07-09T08:37:33","modified_gmt":"2022-07-09T06:37:33","slug":"goletta-verde-riparte-e-tocchera-24-localita-costiere-del-lazio","status":"publish","type":"post","link":"https:\/\/www.radioluna.it\/news\/2022\/07\/goletta-verde-riparte-e-tocchera-24-localita-costiere-del-lazio\/","title":{"rendered":"Goletta Verde riparte e toccher\u00e0 24 localit\u00e0 costiere del Lazio"},"content":{"rendered":"<div id=\"fb-root\"><\/div>\n<p style=\"text-align: justify;\"><strong>LATINA &#8211; <\/strong>Anche quest&#8217;anno <strong>Goletta Verde<\/strong> torna a solcare i mari pontini. A bordo del veliero-laboratorio ambientalista si \u00e8 inaugurata oggi\u00a0 \u201cRiciclaEstate Lazio 2022\u201d, la campagna di Legambiente e CONAI che riparte dalla Spiaggia di Fiumicino. Domani venerd\u00ec 8 luglio sull&#8217;imbarcazione ormeggiata presso il porto canale di Fiumicino in Via di Torre Clementina, si terr\u00e0 la c<u data-originalcomputedfontsize=\"15\" data-removefontsize=\"true\">onferenza stampa di presentazione dei dati sulla qualit\u00e0 delle acque<\/u> dopo i prelievi effettuati da Goletta Verde lungo le coste del Lazio.<\/p>\n<p>saranno Poi, l&#8217;imbarcazione\u00a0 toccher\u00e0 di nuovo tutte le 24 localit\u00e0 costiere del Lazio, la maggior parte lungo la Riviera D&#8217;Ulisse, dove oltre alle attivit\u00e0 ludico-educative in spiaggia a cura degli operatori di Legambiente, rivolte a piccoli e grandi bagnanti, verr\u00e0 presentato per ciascun Comune, come di consueto un <strong data-originalcomputedfontsize=\"14.666666984558105\" data-removefontsize=\"true\">Rapporto rifiuti e raccolta differenziata<\/strong>, per studiare la situazione e poter migliorare la raccolta e il riciclo dei materiali.<\/p>\n<p style=\"text-align: justify;\">\u201cRisulta fondamentale informare e sensibilizzare i cittadini circa le buone pratiche da adottare quando si tratta di rifiuti. Il problema dell\u2019inquinamento in mare, infatti, deriva principalmente da una cattiva gestione dei rifiuti a terra &#8211; r<strong data-originalcomputedfontsize=\"14.666666984558105\" data-removefontsize=\"true\">icorda Federica Barbera, portavoce della Goletta Verde<\/strong>&#8211;\u00a0Ecco perch\u00e9 Goletta Verde approda in ogni regione con messaggi dedicati al corretto smaltimento, alla biodiversit\u00e0, di cui una delle cause di perdita \u00e8 proprio l\u2019inquinamento, e alle azioni concrete per tutelare l\u2019ambiente\u201d.<\/p>\n<p style=\"text-align: justify;\"><strong>\u00a0<\/strong><\/p>\n","protected":false},"excerpt":{"rendered":"<p>LATINA &#8211; Anche quest&#8217;anno Goletta Verde torna a solcare i mari pontini. A bordo del veliero-laboratorio ambientalista si \u00e8 inaugurata oggi\u00a0 \u201cRiciclaEstate Lazio 2022\u201d, la campagna di Legambiente e CONAI che riparte dalla Spiaggia di Fiumicino. Domani venerd\u00ec 8 luglio sull&#8217;imbarcazione ormeggiata presso il porto canale di Fiumicino in Via di Torre Clementina, si terr\u00e0 [&hellip;]<\/p>\n","protected":false},"author":62,"featured_media":314215,"comment_status":"open","ping_status":"open","sticky":false,"template":"","format":"standard","meta":{"footnotes":""},"categories":[12],"tags":[],"class_list":["post-314213","post","type-post","status-publish","format-standard","has-post-thumbnail","hentry","category-ambiente"],"_links":{"self":[{"href":"https:\/\/www.radioluna.it\/news\/wp-json\/wp\/v2\/posts\/314213","targetHints":{"allow":["GET"]}}],"collection":[{"href":"https:\/\/www.radioluna.it\/news\/wp-json\/wp\/v2\/posts"}],"about":[{"href":"https:\/\/www.radioluna.it\/news\/wp-json\/wp\/v2\/types\/post"}],"author":[{"embeddable":true,"href":"https:\/\/www.radioluna.it\/news\/wp-json\/wp\/v2\/users\/62"}],"replies":[{"embeddable":true,"href":"https:\/\/www.radioluna.it\/news\/wp-json\/wp\/v2\/comments?post=314213"}],"version-history":[{"count":0,"href":"https:\/\/www.radioluna.it\/news\/wp-json\/wp\/v2\/posts\/314213\/revisions"}],"wp:featuredmedia":[{"embeddable":true,"href":"https:\/\/www.radioluna.it\/news\/wp-json\/wp\/v2\/media\/314215"}],"wp:attachment":[{"href":"https:\/\/www.radioluna.it\/news\/wp-json\/wp\/v2\/media?parent=314213"}],"wp:term":[{"taxonomy":"category","embeddable":true,"href":"https:\/\/www.radioluna.it\/news\/wp-json\/wp\/v2\/categories?post=314213"},{"taxonomy":"post_tag","embeddable":true,"href":"https:\/\/www.radioluna.it\/news\/wp-json\/wp\/v2\/tags?post=314213"}],"curies":[{"name":"wp","href":"https:\/\/api.w.org\/{rel}","templated":true}]}}