{"id":314353,"date":"2022-07-10T09:16:40","date_gmt":"2022-07-10T07:16:40","guid":{"rendered":"https:\/\/www.radioluna.it\/news\/?p=314353"},"modified":"2022-07-10T13:23:27","modified_gmt":"2022-07-10T11:23:27","slug":"a-sermoneta-due-giorni-con-la-musica-contemporanea-incontri-e-concerti","status":"publish","type":"post","link":"https:\/\/www.radioluna.it\/news\/2022\/07\/a-sermoneta-due-giorni-con-la-musica-contemporanea-incontri-e-concerti\/","title":{"rendered":"A Sermoneta due giorni con la Musica Contemporanea: incontri e concerti"},"content":{"rendered":"<div id=\"fb-root\"><\/div>\n<p style=\"text-align: justify;\"><strong>LATINA &#8211; <\/strong>Appuntamento tradizionale per il\u00a0Festival Pontino di Musica\u00a0quello con gli\u00a0Incontri internazionali di musica contemporanea, quest\u2019anno il\u00a010 e 11 luglio\u00a0a Sermoneta. Due giornate di incontri e concerti in cui si ritroveranno musicisti, compositori, musicologi e ricercatori per approfondire alcuni degli aspetti pi\u00f9 attuali e interessanti legati alla musica dei nostri tempi e per ascoltare nuova musica, con diverse prime esecuzioni in programma.<\/p>\n<p style=\"text-align: justify;\">Il primo appuntamento sar\u00e0 alle 17.30\u00a0domenica 10 luglio\u00a0presso la Chiesa di San Michele Arcangelo (ingresso gratuito) con l\u2019incontro sul tema\u00a0\u201cSpazio sonoro: musica e architettura tra analogie, riflessi, complicit\u00e0\u201d\u00a0a cura di\u00a0Roberto Favaro.\u00a0Musicologo, direttore della rivista\u00a0Musica\/Realt\u00e0, Favaro parte da alcune prospettive privilegiate quali la sonorit\u00e0 dello spazio, la spazialit\u00e0 del suono, gli spazi per la musica, le attinenze spaziali del linguaggio musicale. Ma spazio sonoro \u00e8 anche quello della composizione che manifesta un\u2019identit\u00e0 progettuale, quello di una musica che racconta un paesaggio, quello del nostro corpo e della nostra coscienza in ascolto. L\u2019incontro sar\u00e0 introdotto da\u00a0Massimo Rosolini\u00a0ed \u00e8 organizzato con il patrocinio dell\u2019Ordine degli Architetti della provincia di Latina e in collaborazione con la Civica Scuola di Musica Claudio Abbado di Milano.<\/p>\n<p style=\"text-align: justify;\">La sera alle ore 21 ci si sposta al Castello Caetani per il concerto del\u00a0Syntax Ensemble,\u00a0diretto da\u00a0Pasquale Corrado, formazione nata nel 2018, un \u2018collettivo\u2019 di musica contemporanea che raduna alcuni dei migliori musicisti del panorama nazionale ed europeo con una particolare predilezione per la musica contemporanea. Nella formazione con cui si presentano al Festival, troviamo\u00a0Valentina Coladonato (voce), Francesco D\u2019Orazio (violino), Fernando Caida Greco (violoncello), Marco Ignoti (clarinetto), Lavinia Guillari (flauto) e Alfonso Alberti (pianoforte). Gli autori scelti per il loro concerto: Oscar Bianchi (Primordia rerum), Luca Mosca (He Stole First\u00a0su testi di Gianluigi Melega), Luis de Pablo (Pocket Zarzuela\u00a0su testi di Jos\u00e9 Miguel Ull\u00e1n) per anni presidente onorario del Campus Internazionale di Musica di Latina che organizza il Festival, e i due giovani compositori Francesco Bussani e Francesco Mariotti, rispettivamente classe 1995 e 1991, di cui si ascolteranno i brani in prima assoluta\u00a0\u2026mai riuscir\u00f2\u2026\u00a0e\u00a0Durchs offne Fenster\u00a0entrambi composti nel 2022.<\/p>\n<p style=\"text-align: justify;\">Luned\u00ec 11 luglio\u00a0(ore 17) l\u2019incontro alla Chiesa di San Michele Arcangelo sar\u00e0 dedicato al tema\u00a0\u201cLa musica del nostro tempo e il suo pubblico\u201d\u00a0a cura di\u00a0Federico Gardella, compositore, docente di composizione presso il Conservatorio di Milano.\u00a0\u00a0\u201cViviamo una fase in cui il termine \u2018arte contemporanea\u2019 abbraccia esperienze diverse, spesso antitetiche \u2013 introduce Federico Gardella \u2013. Cosa aspettarsi, dunque, ascoltando un concerto di \u2018musica contemporanea\u2019? La musica del nostro tempo (considerata nella pluralit\u00e0 delle intenzioni espressive che la abitano) \u00e8 certamente un luogo privilegiato per confrontarsi con la multiforme natura del presente, attraverso la capacit\u00e0 (propria della musica di ogni epoca) di comunicare attraverso la complessit\u00e0\u201d. All\u2019incontro partecipano\u00a0Alfonso Alberti, Gabriele Bonomo, Francesco Bussani, Elisa Cerocchi, Luca Cianfoni, Roberto Favaro, Gabriele Manca, Francesco Mariotti, Nicki Pipita, Marco Quagliarini, Paolo Rotili, Fausto Sebastiani, Alessandro Solbiati, Daniela Tortora.<\/p>\n<p style=\"text-align: justify;\">A seguire, alle ore 21, al Castello Caetani il concerto della pianista\u00a0Maria Grazia Bellocchio, dedicato al Novecento storico e alla musica del XXI secolo per pianoforte solo. Interprete che spazia con disinvoltura dal repertorio classico al contemporaneo, la Bellocchio presenta alcuni estratti da\u00a0J\u00e1t\u00e9kok\u00a0di Gy\u00f6rgy Kurt\u00e1g, ampia raccolta con circa 250 brani, composti e pubblicati a partire dal 1973, vero e proprio work in progress del compositore ungherese\u00a0che indaga con scopo didattico e con divertimento &#8211;\u00a0J\u00e1t\u00e9kok\u00a0vuol dire gioco &#8211; le sonorit\u00e0 del pianoforte. I brevi lavori di Kurt\u00e1g si alternano alla musica di Fabio Nieder (Five stanzas for a Love Song), Gabriele Manca (\u201cSenti, aspetta!\u201d) e alle due prime assolute di\u00a0Sonata terza\u00a0di Alessandro Solbiati nata in occasione di un progetto dedicato a Pasolini nel centenario della nascita, e\u00a0Morphon\u00e8\u00a0di Nicki Pipita,\u00a0giovane musicista proveniente dai corsi di composizione di Sermoneta tenuti dallo stesso Solbiati.<\/p>\n","protected":false},"excerpt":{"rendered":"<p>LATINA &#8211; Appuntamento tradizionale per il\u00a0Festival Pontino di Musica\u00a0quello con gli\u00a0Incontri internazionali di musica contemporanea, quest\u2019anno il\u00a010 e 11 luglio\u00a0a Sermoneta. Due giornate di incontri e concerti in cui si ritroveranno musicisti, compositori, musicologi e ricercatori per approfondire alcuni degli aspetti pi\u00f9 attuali e interessanti legati alla musica dei nostri tempi e per ascoltare nuova [&hellip;]<\/p>\n","protected":false},"author":60,"featured_media":314354,"comment_status":"open","ping_status":"open","sticky":false,"template":"","format":"gallery","meta":{"footnotes":""},"categories":[16],"tags":[],"class_list":["post-314353","post","type-post","status-publish","format-gallery","has-post-thumbnail","hentry","category-appuntamenti","post_format-post-format-gallery"],"_links":{"self":[{"href":"https:\/\/www.radioluna.it\/news\/wp-json\/wp\/v2\/posts\/314353","targetHints":{"allow":["GET"]}}],"collection":[{"href":"https:\/\/www.radioluna.it\/news\/wp-json\/wp\/v2\/posts"}],"about":[{"href":"https:\/\/www.radioluna.it\/news\/wp-json\/wp\/v2\/types\/post"}],"author":[{"embeddable":true,"href":"https:\/\/www.radioluna.it\/news\/wp-json\/wp\/v2\/users\/60"}],"replies":[{"embeddable":true,"href":"https:\/\/www.radioluna.it\/news\/wp-json\/wp\/v2\/comments?post=314353"}],"version-history":[{"count":0,"href":"https:\/\/www.radioluna.it\/news\/wp-json\/wp\/v2\/posts\/314353\/revisions"}],"wp:featuredmedia":[{"embeddable":true,"href":"https:\/\/www.radioluna.it\/news\/wp-json\/wp\/v2\/media\/314354"}],"wp:attachment":[{"href":"https:\/\/www.radioluna.it\/news\/wp-json\/wp\/v2\/media?parent=314353"}],"wp:term":[{"taxonomy":"category","embeddable":true,"href":"https:\/\/www.radioluna.it\/news\/wp-json\/wp\/v2\/categories?post=314353"},{"taxonomy":"post_tag","embeddable":true,"href":"https:\/\/www.radioluna.it\/news\/wp-json\/wp\/v2\/tags?post=314353"}],"curies":[{"name":"wp","href":"https:\/\/api.w.org\/{rel}","templated":true}]}}