{"id":314367,"date":"2022-07-10T10:30:43","date_gmt":"2022-07-10T08:30:43","guid":{"rendered":"https:\/\/www.radioluna.it\/news\/?p=314367"},"modified":"2022-07-10T10:30:43","modified_gmt":"2022-07-10T08:30:43","slug":"angolo-del-libro-incontri-con-lautore-alla-festa-della-mietitura","status":"publish","type":"post","link":"https:\/\/www.radioluna.it\/news\/2022\/07\/angolo-del-libro-incontri-con-lautore-alla-festa-della-mietitura\/","title":{"rendered":"Angolo del libro. Incontri con l\u2019autore alla Festa della Mietitura"},"content":{"rendered":"<div id=\"fb-root\"><\/div>\n<p style=\"text-align: justify;\"><strong>LATINA<\/strong> &#8211;\u00a0<strong>Dal 9 al 18 luglio si terr\u00e0 la rassegna letteraria \u201cAngolo del Libro. Incontri con l\u2019autore alla Festa della Mietitura\u201d<\/strong>: sar\u00e0 un salotto letterario, un\u2019opportunit\u00e0 per conoscere o riscoprire libri e scrittori in un contesto fuori dal comune, come quello di una festa popolare.<br \/>\nDieci autori in dieci giorni si alterneranno sul palco centrale della manifestazione (ore 20.15) con storie e personaggi di questi luoghi ma anche con vicende che nascono e si sviluppano altrove, pur avendo nelle vene sangue pontino. Moderano gli incontri i giornalisti Fabrizio Giona e Mauro Nasi.<\/p>\n<p style=\"text-align: justify;\">Si parte<strong> sabato 9 luglio<\/strong> con <strong>Martina Pregnolato e \u201cIl Castello d\u2019Estate\u201d (Alcheringa Edizioni)<\/strong>, una storia romantica, dai tratti quasi fiabeschi, raffinata per le ambientazioni, i dialoghi e i personaggi che \u201caffollano\u201d la vicenda.<\/p>\n<p style=\"text-align: justify;\">\u00a0Si prosegue <strong>domenica 10 luglio con Lucia Fusco e \u201cCome acqua amara. Sezzesi, Susaroli, Pipernesi e Cispadani\u201d (Sintagma)<\/strong>. \u00c8 il racconto di una saga familiare italiana: storie accadute davvero che raccontano i passi di un cammino spesso aspro e difficile, intrapreso da diverse generazioni che hanno attraversato il tempo e a volte anche l\u2019oceano pur di trovare sollievo alla propria sete di<br \/>\ngiustizia, riscatto, vita.<\/p>\n<p style=\"text-align: justify;\">Luned\u00ec <strong>11 luglio \u00e8 la volta di Carla Zanchetta e del suo \u201cTerra Pontina. Podere 599\u201d (Atlantide Editore).<\/strong> Il libro racconta le vicende della\u00a0famiglia Lorenzin,\u00a0che accomunano tutti quelli che hanno<br \/>\nlasciato la terra d\u2019origine per costruire da zero una nuova comunit\u00e0, priva di radici e usi comuni in un contesto del tutto nuovo. Sentimenti contrastanti di nostalgia di quanto \u00e8 stato lasciato alle spalle e di aspettative nel futuro mentre si affrontano le tante difficolt\u00e0 quotidiane.<\/p>\n<p style=\"text-align: justify;\">Si prosegue <strong>il 12 luglio con Giulio Alfieri e \u201cQuesto piatto di grano\u201d (Atlantide Editore)<\/strong>: una ricerca su migliaia di documenti e testimonianze che narra la storia della colonizzazione e dell\u2019Agro Pontino negli anni \u201930 e \u201940 del Novecento, restituendo uno spaccato per molti aspetti diverso dalla narrazione tradizionale e rendendo giustizia alle tante famiglie coinvolte, preservandone dall\u2019oblio i nomi, i volti, le origini e le vicende.<\/p>\n<p style=\"text-align: justify;\">Mercoled\u00ec 13 luglio i riflettori sono puntati su <strong>\u201cViaggio nella Terra Pontina\u201d (Sintagma) di Giancarlo De Petris<\/strong>: \u00e8 il racconto di un entusiasmante viaggio narrato attraverso il talento artistico De Petris, grafico e disegnatore, aderente al movimento della Sketchcrawl. Un omaggio alla sua terra natia che attraversa e di cui rivela le tante bellezze con l\u2019esclusivit\u00e0 e immediatezza del \u201cCarnet de vojage\u201c, quaderni e diari dal sapore romantico.<\/p>\n<p style=\"text-align: justify;\"><strong>Il 14 luglio protagonista \u00e8 Emilio Andreoli con \u201cLatina nei miei racconti. I luoghi di aggregazione\u201d (Edizioni Progetto Futuro),<\/strong> una raccolta di racconti e testimonianze di chi Latina l\u2019ha vissuta<br \/>\nveramente e non solo abitata. Questo libro \u00e8 memoria storica ma al contempo uno sguardo al futuro, un connubio essenziale per capire chi eravamo e cosa stiamo diventando.<\/p>\n<p style=\"text-align: justify;\"><strong>Venerd\u00ec 15 luglio<\/strong> si cambia registro con<strong> Claudia Saba e il suo \u201cEra mio padre\u201d (Laura Capone Editore)<\/strong>: un racconto autobiografico che affronta i temi della pedofilia e della violenza di genere, dato alle stampe per sensibilizzare, per abbattere il muro dell\u2019omert\u00e0 e della vergogna e per incoraggiare le vittime ad alzare la testa e denunciare, senza voglia di vendetta ma per il solo spirito di rinascita.<\/p>\n<p style=\"text-align: justify;\"><strong>Il 16 luglio \u00e8 la volta di Lucia Santucci e dei libri \u201cL\u2019equilibrio delle sfere di cristallo\u201d e \u201cUn amore cos\u00ec\u201d (Edizioni DrawUp)<\/strong>, parti di una trilogia che narra le vicende di giovani e adulti in un mondo in continua evoluzione, sviscerando problematiche sociali come il bullismo, il cyber bullismo e la criminalit\u00e0, e tematiche profonde quali i rapporti umani, l\u2019amore al tempo delle famiglie allargate, il mondo della scuola e dei giovani d\u2019oggi, attraverso una narrazione pura e delicata tipica di un romanzo adatto a tutta la famiglia ma con incursioni anche nel giallo.<\/p>\n<p style=\"text-align: justify;\"><strong>Domenica 17 luglio Beatrice Cappelletti ci porta nel mondo fiabesco de \u201cLa leggenda della Bella Ninfa\u201d (Sintagma):<\/strong> una leggenda tramandata nei secoli e che oggi rivive attraverso un racconto<br \/>\ndelicato e poetico arricchito dalle bellissime illustrazioni di Luciano Bracci. Narra del re Pontino che desiderava ardentemente liberare il suo regno dalla palude ormai incombente, e della sua unica figlia, Ninfa, la principessa dai lunghi capelli dorati e gli occhi color smeraldo.<\/p>\n<p style=\"text-align: justify;\">L\u2019ultimo atto \u00e8 in programma l<strong>uned\u00ec 18 luglio, quando il palcoscenico \u00e8 tutto per Francesco Giuliano e per il libro \u201cSul sentiero dell\u2019origano Selvatico\u201d (Aracne Editrice)<\/strong>: \u00e8 la storia del rapporto dialettico tra un nonno, fonte di grande esperienza e conoscenza, e un nipote che, sin dall\u2019infanzia, ha una forte voglia di apprendere tutto ci\u00f2 che gli potr\u00e0 servire per la vita. Si analizza la crescita intellettuale di un bambino che, inconsapevolmente, passa da una societ\u00e0 rurale a una societ\u00e0 che ha perso il suo giusto verso e da cui cerca di svincolarsi per far riemergere i sentimenti genuini e sani che ha in s\u00e9.<\/p>\n<p style=\"text-align: justify;\">La rassegna letteraria \u00e8 promossa nell\u2019ambito della sesta edizione della Festa della Mietitura, organizzata dall\u2019Associazione Culturale Chiesuola con il contributo della Regione Lazio e il<br \/>\npatrocinio di Consiglio Regionale del Lazio, Provincia di Latina, Comune di Latina e Consorzio di Bonifica Lazio Sud Ovest.<\/p>\n","protected":false},"excerpt":{"rendered":"<p>LATINA &#8211;\u00a0Dal 9 al 18 luglio si terr\u00e0 la rassegna letteraria \u201cAngolo del Libro. Incontri con l\u2019autore alla Festa della Mietitura\u201d: sar\u00e0 un salotto letterario, un\u2019opportunit\u00e0 per conoscere o riscoprire libri e scrittori in un contesto fuori dal comune, come quello di una festa popolare. Dieci autori in dieci giorni si alterneranno sul palco centrale [&hellip;]<\/p>\n","protected":false},"author":60,"featured_media":314368,"comment_status":"open","ping_status":"open","sticky":false,"template":"","format":"standard","meta":{"footnotes":""},"categories":[16],"tags":[],"class_list":["post-314367","post","type-post","status-publish","format-standard","has-post-thumbnail","hentry","category-appuntamenti"],"_links":{"self":[{"href":"https:\/\/www.radioluna.it\/news\/wp-json\/wp\/v2\/posts\/314367","targetHints":{"allow":["GET"]}}],"collection":[{"href":"https:\/\/www.radioluna.it\/news\/wp-json\/wp\/v2\/posts"}],"about":[{"href":"https:\/\/www.radioluna.it\/news\/wp-json\/wp\/v2\/types\/post"}],"author":[{"embeddable":true,"href":"https:\/\/www.radioluna.it\/news\/wp-json\/wp\/v2\/users\/60"}],"replies":[{"embeddable":true,"href":"https:\/\/www.radioluna.it\/news\/wp-json\/wp\/v2\/comments?post=314367"}],"version-history":[{"count":0,"href":"https:\/\/www.radioluna.it\/news\/wp-json\/wp\/v2\/posts\/314367\/revisions"}],"wp:featuredmedia":[{"embeddable":true,"href":"https:\/\/www.radioluna.it\/news\/wp-json\/wp\/v2\/media\/314368"}],"wp:attachment":[{"href":"https:\/\/www.radioluna.it\/news\/wp-json\/wp\/v2\/media?parent=314367"}],"wp:term":[{"taxonomy":"category","embeddable":true,"href":"https:\/\/www.radioluna.it\/news\/wp-json\/wp\/v2\/categories?post=314367"},{"taxonomy":"post_tag","embeddable":true,"href":"https:\/\/www.radioluna.it\/news\/wp-json\/wp\/v2\/tags?post=314367"}],"curies":[{"name":"wp","href":"https:\/\/api.w.org\/{rel}","templated":true}]}}