{"id":314380,"date":"2022-07-10T12:29:26","date_gmt":"2022-07-10T10:29:26","guid":{"rendered":"https:\/\/www.radioluna.it\/news\/?p=314380"},"modified":"2022-07-10T12:31:29","modified_gmt":"2022-07-10T10:31:29","slug":"latina-covid-1007-positivi-e-un-altro-decesso","status":"publish","type":"post","link":"https:\/\/www.radioluna.it\/news\/2022\/07\/latina-covid-1007-positivi-e-un-altro-decesso\/","title":{"rendered":"Covid, 1007 positivi e un altro decesso"},"content":{"rendered":"<div id=\"fb-root\"><\/div>\n<p style=\"text-align: justify;\"><strong>LATINA\u00a0 &#8211; <\/strong>Sono 1007 i nuovi casi positivi registrati a Latina e provincia, non ci sono stati nuovi ricoveri al Goretti dove si \u00e8 registrato invece un altro decesso, quello di una paziente anziana di Latina. Il totale dei morti per covid in provincia di Latina da inizio pandemia ad oggi sale a 876. Anche oggi lunghe file nelle farmacie per effettuare i tamponi.<\/p>\n<p style=\"text-align: justify;\">Il totale dei casi \u00e8 emerso da poco pi\u00f9 di 3600 tamponi per un tasso di positivit\u00e0 sceso al 30%. A Latina il numero pi\u00f9 alto con 287 nuovi positivi, tutti sotto i 100 gli altri comuni.<\/p>\n<p style=\"text-align: justify;\">Ha parlato di una timida frenata nei contagi l&#8217;assessore regionale alla Sanit\u00e0 del Lazio, Alessio D&#8217;Amato: &#8220;Attendiamo il consolidamenti del dato&#8221;. Anche il dato provinciale, nonostante l&#8217;elevato numero di casi registrato nella settimana appena terminata, appare in progressiva discesa, il picco si \u00e8 registrato marted\u00ec con 1625, poi 1545 mercoled\u00ec, due giornate sopra i 1400 gioved\u00ec e venerd\u00ec, poi sabato 1300.<\/p>\n<p style=\"text-align: justify;\">Intanto il totale dei pontini risultati positivi al virus, tracciati dalla Asl di Latina, \u00e8 prossimo ai 200mila (184849).<\/p>\n","protected":false},"excerpt":{"rendered":"<p>LATINA\u00a0 &#8211; Sono 1007 i nuovi casi positivi registrati a Latina e provincia, non ci sono stati nuovi ricoveri al Goretti dove si \u00e8 registrato invece un altro decesso, quello di una paziente anziana di Latina. Il totale dei morti per covid in provincia di Latina da inizio pandemia ad oggi sale a 876. Anche [&hellip;]<\/p>\n","protected":false},"author":62,"featured_media":268289,"comment_status":"open","ping_status":"open","sticky":false,"template":"","format":"standard","meta":{"footnotes":""},"categories":[2616],"tags":[],"class_list":["post-314380","post","type-post","status-publish","format-standard","has-post-thumbnail","hentry","category-sanita"],"_links":{"self":[{"href":"https:\/\/www.radioluna.it\/news\/wp-json\/wp\/v2\/posts\/314380","targetHints":{"allow":["GET"]}}],"collection":[{"href":"https:\/\/www.radioluna.it\/news\/wp-json\/wp\/v2\/posts"}],"about":[{"href":"https:\/\/www.radioluna.it\/news\/wp-json\/wp\/v2\/types\/post"}],"author":[{"embeddable":true,"href":"https:\/\/www.radioluna.it\/news\/wp-json\/wp\/v2\/users\/62"}],"replies":[{"embeddable":true,"href":"https:\/\/www.radioluna.it\/news\/wp-json\/wp\/v2\/comments?post=314380"}],"version-history":[{"count":0,"href":"https:\/\/www.radioluna.it\/news\/wp-json\/wp\/v2\/posts\/314380\/revisions"}],"wp:featuredmedia":[{"embeddable":true,"href":"https:\/\/www.radioluna.it\/news\/wp-json\/wp\/v2\/media\/268289"}],"wp:attachment":[{"href":"https:\/\/www.radioluna.it\/news\/wp-json\/wp\/v2\/media?parent=314380"}],"wp:term":[{"taxonomy":"category","embeddable":true,"href":"https:\/\/www.radioluna.it\/news\/wp-json\/wp\/v2\/categories?post=314380"},{"taxonomy":"post_tag","embeddable":true,"href":"https:\/\/www.radioluna.it\/news\/wp-json\/wp\/v2\/tags?post=314380"}],"curies":[{"name":"wp","href":"https:\/\/api.w.org\/{rel}","templated":true}]}}