{"id":314389,"date":"2022-07-10T13:22:45","date_gmt":"2022-07-10T11:22:45","guid":{"rendered":"https:\/\/www.radioluna.it\/news\/?p=314389"},"modified":"2022-07-12T10:20:42","modified_gmt":"2022-07-12T08:20:42","slug":"sonnino-celebra-il-mundial-82-spillo-altobelli-padrone-di-casa","status":"publish","type":"post","link":"https:\/\/www.radioluna.it\/news\/2022\/07\/sonnino-celebra-il-mundial-82-spillo-altobelli-padrone-di-casa\/","title":{"rendered":"Sonnino celebra il Mundial &#8217;82. Spillo Altobelli padrone di casa"},"content":{"rendered":"<div id=\"fb-root\"><\/div>\n<p>&nbsp;<\/p>\n<p style=\"text-align: justify;\"><strong> SONNINO\u00a0<\/strong> &#8211; E&#8217; la giornata clue oggi per la manifestazione promossa a Sonnino da Spillo Altobelli per celebrare il quarantennale del mitico Mondiale di Calcio. &#8220;11 luglio 1982-11 luglio 2022: 40 anni da Campioni del Mondo&#8221; \u00e8 il titolo dato all&#8217;iniziativa che ha ottenuto il patrocinio della stessa Figc, del Coni, dell&#8217;Aic, della Lega collezionisti di maglie e cimeli calcistici, oltre che del Comune di Sonnino, ed \u00e8 in programma nella cittadina che ha visto nascere Spillo poi divenuto uno dei grandi protagonisti della finale tra Italia e Germania.<\/p>\n<p style=\"text-align: justify;\"><strong>LA PARTITA<\/strong> &#8211; Si \u00e8 preparato per il momento pi\u00f9 evocativo, anche il medico di Latina Enzo De Amicis (in foto) che sar\u00e0 nello staff medico, alle 22 di stasera (domenica 10) per la partita tra la Nazionale magistrati ed un team composto da campioni del Mondo &#8217;82, ex giocatori di serie A e giocatori locali invitati da &#8216;Spillo&#8217;.<img loading=\"lazy\" decoding=\"async\" class=\"wp-image-314394 alignright\" src=\"https:\/\/www.radioluna.it\/news\/wp-content\/uploads\/2022\/07\/enzo-medico-per-Spillo-2.jpg\" alt=\"\" width=\"266\" height=\"164\" srcset=\"https:\/\/www.radioluna.it\/news\/wp-content\/uploads\/2022\/07\/enzo-medico-per-Spillo-2.jpg 1499w, https:\/\/www.radioluna.it\/news\/wp-content\/uploads\/2022\/07\/enzo-medico-per-Spillo-2-768x473.jpg 768w\" sizes=\"auto, (max-width: 266px) 100vw, 266px\" \/><\/p>\n<p style=\"text-align: justify;\"><strong>I CAMPIONI IN CAMPO<\/strong> &#8211; Tra loro, sono confermati Ciccio Graziani, Bruno Conti, Vincent Candela, Evaristo Beccalossi, Sergio Brio, Sebastiano Nela, Ubaldo Righetti, Bruno Giordano, Domenico Marocchino, Stefano Di Chiara, Sandro Tovalieri, Andrea Carnevale. Tra sabato e domenica verranno presentati i libri &#8220;Gianni Rivera ieri ed oggi&#8221; e &#8220;Un gioco da ragazzi. Dalla Roma alla Nazionale il mio calcio di una volta&#8221;, alla presenza degli autori, Rivera e Bruno Conti.<br \/>\nIeri a Sonnino per prender parte alla manifestazione \u00e8 arrivato anche\u00a0 il presidente della Federcalcio, Gabriele Gravina.<\/p>\n","protected":false},"excerpt":{"rendered":"<p>&nbsp; SONNINO\u00a0 &#8211; E&#8217; la giornata clue oggi per la manifestazione promossa a Sonnino da Spillo Altobelli per celebrare il quarantennale del mitico Mondiale di Calcio. &#8220;11 luglio 1982-11 luglio 2022: 40 anni da Campioni del Mondo&#8221; \u00e8 il titolo dato all&#8217;iniziativa che ha ottenuto il patrocinio della stessa Figc, del Coni, dell&#8217;Aic, della Lega [&hellip;]<\/p>\n","protected":false},"author":62,"featured_media":314392,"comment_status":"open","ping_status":"open","sticky":false,"template":"","format":"gallery","meta":{"footnotes":""},"categories":[735],"tags":[],"class_list":["post-314389","post","type-post","status-publish","format-gallery","has-post-thumbnail","hentry","category-attualita","post_format-post-format-gallery"],"_links":{"self":[{"href":"https:\/\/www.radioluna.it\/news\/wp-json\/wp\/v2\/posts\/314389","targetHints":{"allow":["GET"]}}],"collection":[{"href":"https:\/\/www.radioluna.it\/news\/wp-json\/wp\/v2\/posts"}],"about":[{"href":"https:\/\/www.radioluna.it\/news\/wp-json\/wp\/v2\/types\/post"}],"author":[{"embeddable":true,"href":"https:\/\/www.radioluna.it\/news\/wp-json\/wp\/v2\/users\/62"}],"replies":[{"embeddable":true,"href":"https:\/\/www.radioluna.it\/news\/wp-json\/wp\/v2\/comments?post=314389"}],"version-history":[{"count":0,"href":"https:\/\/www.radioluna.it\/news\/wp-json\/wp\/v2\/posts\/314389\/revisions"}],"wp:featuredmedia":[{"embeddable":true,"href":"https:\/\/www.radioluna.it\/news\/wp-json\/wp\/v2\/media\/314392"}],"wp:attachment":[{"href":"https:\/\/www.radioluna.it\/news\/wp-json\/wp\/v2\/media?parent=314389"}],"wp:term":[{"taxonomy":"category","embeddable":true,"href":"https:\/\/www.radioluna.it\/news\/wp-json\/wp\/v2\/categories?post=314389"},{"taxonomy":"post_tag","embeddable":true,"href":"https:\/\/www.radioluna.it\/news\/wp-json\/wp\/v2\/tags?post=314389"}],"curies":[{"name":"wp","href":"https:\/\/api.w.org\/{rel}","templated":true}]}}